{"id":4450,"date":"2024-06-23T18:48:29","date_gmt":"2024-06-23T17:48:29","guid":{"rendered":"https:\/\/ndcompassion.com\/?p=4450"},"modified":"2024-06-23T19:03:04","modified_gmt":"2024-06-23T18:03:04","slug":"maison-notre-dame-de-la-compassion","status":"publish","type":"post","link":"https:\/\/ndcompassion.com\/fr\/maison-notre-dame-de-la-compassion\/","title":{"rendered":"Maison \u00ab\u00a0Notre Dame de la Compassion\u00a0\u00bb"},"content":{"rendered":"<p>[et_pb_section fb_built=\u00a0\u00bb1&Prime; _builder_version=\u00a0\u00bb4.25.2&Prime; _module_preset=\u00a0\u00bbdefault\u00a0\u00bb global_colors_info=\u00a0\u00bb{}\u00a0\u00bb][et_pb_row _builder_version=\u00a0\u00bb4.25.2&Prime; _module_preset=\u00a0\u00bbdefault\u00a0\u00bb global_colors_info=\u00a0\u00bb{}\u00a0\u00bb][et_pb_column type=\u00a0\u00bb4_4&Prime; _builder_version=\u00a0\u00bb4.25.2&Prime; _module_preset=\u00a0\u00bbdefault\u00a0\u00bb global_colors_info=\u00a0\u00bb{}\u00a0\u00bb][et_pb_text _builder_version=\u00a0\u00bb4.25.2&Prime; _module_preset=\u00a0\u00bbdefault\u00a0\u00bb global_colors_info=\u00a0\u00bb{}\u00a0\u00bb]<\/p>\n<p>C\u2019est ainsi qu\u2019on appellera la maison qui fut la r\u00e9sidence de nos S\u0153urs a\u00een\u00e9es pendant plus de 30 ans, et qui, depuis le 1\u00a0mai de cette ann\u00e9e, est la r\u00e9sidence de l\u2019un des \u201cFoyers du Christ\u201d. Hier, 5\u00a0juin\u00a02024, dans l\u2019apr\u00e8s-midi, dans cette maison de Mu\u00f1iz, Bs As, nous avons partag\u00e9 une belle et \u00e9mouvante rencontre, anim\u00e9e par le P. Francisco comme <em><strong>Adieu et Action de gr\u00e2ce<\/strong><\/em> \u00e0 notre Congr\u00e9gation.<\/p>\n<p>Deux s\u0153urs, quelques la\u00efcs Compassionistes \u00e9taient pr\u00e9sents avec une vingtaine de jeunes du Foyer du Christ de Saint-Michel, ainsi que l\u2019 Equipe d\u2019Accompagnateurs.<\/p>\n<p>En nous accueillant, le P Francisco nous a dit que, la maison serait toujours appel\u00e9e \u00ab\u00a0NOTRE DAME DE LA COMPASSION\u00a0\u00bb.<\/p>\n<p>La maison restera MAISON DE COMPASSION car elle est destin\u00e9e \u00e0 accueillir ceux qui sont d\u00e9j\u00e0 dans la derni\u00e8re phase de la gu\u00e9rison des addictions et qui pourront vivre maintenant la transition vers leur int\u00e9gration sociale et familiale.<\/p>\n<p>Cette rencontr\u00e9 a commenc\u00e9 par la c\u00e9l\u00e9bration eucharistique, pr\u00e9sid\u00e9e par l\u2019Ev\u00eaque de San Miguel, S.Exc. Mgr Dami\u00e1n Nannini.<\/p>\n<p>Dans son hom\u00e9lie, nous aidant \u00e0 approfondir la Parole et \u00e0 l\u2019appliquer \u00e0 notre vie, il nous a laiss\u00e9 ce message\u00a0: \u00ab\u00a0Que restera-t-il de chacun de nous quand nous partirons ? pas ce que nous avons gard\u00e9, mais ce que nous avons remis&#8230;\u00a0\u00bb<br \/>Nous \u00e9tions tr\u00e8s \u00e9mues et touch\u00e9es de la force de la pri\u00e8re et des chants des jeunes.<br \/>Ensuite, nous avons partag\u00e9 une riche et abondante pizza confectionn\u00e9e par les gar\u00e7ons. Et, dans cette ambiance chaleureuse et fraternelle, des jeunes ont partag\u00e9 leurs t\u00e9moignages de vie; Certains \u00e9taient si profonds qu\u2019ils faisaient couler des larmes<\/p>\n<p>Les s\u0153urs ont alors exprim\u00e9 que, comme Marie compatissante \u00e9tait aux c\u00f4t\u00e9s de son Fils jusqu\u2019\u00e0 la fin, au pied de la Croix, sans pouvoir rien faire d\u2019autre que d\u2019\u00caTRE PRESENTE, ACCOMPAGNANT, CONFIANT DANS LA VIE NOUVELLE QUI NA\u00ceTRAIT DE L\u00c0, de m\u00eame ici, Marie les accompagnera EN \u00c9TANT au milieu d\u2019eux, en les ACCOMPAGNANT et en les GUIDANT; Ainsi, entre eux, ils s\u2019accompagneront, ils s\u2019aideront, se fortifieront, ils s\u2019encourageront \u00e0 rester confiants et engag\u00e9s sur ce chemin de r\u00e9cup\u00e9ration, de \u00ab\u00a0r\u00e9surrection\u00a0\u00bb, pour na\u00eetre de nouveau.<\/p>\n<p>Le c\u0153ur plein de joie et d\u2019action de gr\u00e2ce, nous nous sommes quitt\u00e9s avec une grande amiti\u00e9 exprim\u00e9e tr\u00e8s fraternellement.<\/p>\n<p>Nous confions cette mission \u00e0 Marie de la Compassion et nous continuons \u00e0 l\u2019accompagner par notre pri\u00e8re.<\/p>\n<p>[\/et_pb_text][et_pb_gallery gallery_ids=\u00a0\u00bb4463,4461,4459,4457,4455&Prime; posts_number=\u00a0\u00bb5&Prime; show_title_and_caption=\u00a0\u00bboff\u00a0\u00bb _builder_version=\u00a0\u00bb4.25.2&Prime; _module_preset=\u00a0\u00bbdefault\u00a0\u00bb animation_style=\u00a0\u00bbslide\u00a0\u00bb global_colors_info=\u00a0\u00bb{}\u00a0\u00bb][\/et_pb_gallery][\/et_pb_column][\/et_pb_row][\/et_pb_section]<\/p>\n","protected":false},"excerpt":{"rendered":"<p>C\u2019est ainsi qu\u2019on appellera la maison qui fut la r\u00e9sidence de nos S\u0153urs a\u00een\u00e9es pendant plus de 30 ans, et qui, depuis le 1\u00a0mai de cette ann\u00e9e, est la r\u00e9sidence de l\u2019un des \u201cFoyers du Christ\u201d. Hier, 5\u00a0juin\u00a02024, dans l\u2019apr\u00e8s-midi, dans cette maison de Mu\u00f1iz, Bs As, nous avons partag\u00e9 une belle et \u00e9mouvante rencontre, [&hellip;]<\/p>\n","protected":false},"author":1,"featured_media":4453,"comment_status":"closed","ping_status":"closed","sticky":false,"template":"","format":"standard","meta":{"_et_pb_use_builder":"on","_et_pb_old_content":"","_et_gb_content_width":"","footnotes":""},"categories":[24],"tags":[119],"class_list":["post-4450","post","type-post","status-publish","format-standard","has-post-thumbnail","hentry","category-argentine","tag-argentine"],"_links":{"self":[{"href":"https:\/\/ndcompassion.com\/fr\/wp-json\/wp\/v2\/posts\/4450","targetHints":{"allow":["GET"]}}],"collection":[{"href":"https:\/\/ndcompassion.com\/fr\/wp-json\/wp\/v2\/posts"}],"about":[{"href":"https:\/\/ndcompassion.com\/fr\/wp-json\/wp\/v2\/types\/post"}],"author":[{"embeddable":true,"href":"https:\/\/ndcompassion.com\/fr\/wp-json\/wp\/v2\/users\/1"}],"replies":[{"embeddable":true,"href":"https:\/\/ndcompassion.com\/fr\/wp-json\/wp\/v2\/comments?post=4450"}],"version-history":[{"count":6,"href":"https:\/\/ndcompassion.com\/fr\/wp-json\/wp\/v2\/posts\/4450\/revisions"}],"predecessor-version":[{"id":4480,"href":"https:\/\/ndcompassion.com\/fr\/wp-json\/wp\/v2\/posts\/4450\/revisions\/4480"}],"wp:featuredmedia":[{"embeddable":true,"href":"https:\/\/ndcompassion.com\/fr\/wp-json\/wp\/v2\/media\/4453"}],"wp:attachment":[{"href":"https:\/\/ndcompassion.com\/fr\/wp-json\/wp\/v2\/media?parent=4450"}],"wp:term":[{"taxonomy":"category","embeddable":true,"href":"https:\/\/ndcompassion.com\/fr\/wp-json\/wp\/v2\/categories?post=4450"},{"taxonomy":"post_tag","embeddable":true,"href":"https:\/\/ndcompassion.com\/fr\/wp-json\/wp\/v2\/tags?post=4450"}],"curies":[{"name":"wp","href":"https:\/\/api.w.org\/{rel}","templated":true}]}}