{"id":4381,"date":"2024-04-03T09:18:23","date_gmt":"2024-04-03T08:18:23","guid":{"rendered":"https:\/\/ndcompassion.com\/?p=4381"},"modified":"2024-04-03T09:36:28","modified_gmt":"2024-04-03T08:36:28","slug":"nous-serons-heureux-si-nous-suivons-tes-voies-heureux-serons-nous-seigneur","status":"publish","type":"post","link":"https:\/\/ndcompassion.com\/fr\/nous-serons-heureux-si-nous-suivons-tes-voies-heureux-serons-nous-seigneur\/","title":{"rendered":"Nous serons heureux si nous suivons tes voies, heureux serons &#8211; Nous Seigneur!"},"content":{"rendered":"<p>[et_pb_section fb_built=\u00a0\u00bb1&Prime; admin_label=\u00a0\u00bbsection\u00a0\u00bb _builder_version=\u00a0\u00bb4.16&Prime; global_colors_info=\u00a0\u00bb{}\u00a0\u00bb][et_pb_row admin_label=\u00a0\u00bbrow\u00a0\u00bb _builder_version=\u00a0\u00bb4.16&Prime; background_size=\u00a0\u00bbinitial\u00a0\u00bb background_position=\u00a0\u00bbtop_left\u00a0\u00bb background_repeat=\u00a0\u00bbrepeat\u00a0\u00bb global_colors_info=\u00a0\u00bb{}\u00a0\u00bb][et_pb_column type=\u00a0\u00bb4_4&Prime; _builder_version=\u00a0\u00bb4.16&Prime; custom_padding=\u00a0\u00bb|||\u00a0\u00bb global_colors_info=\u00a0\u00bb{}\u00a0\u00bb custom_padding__hover=\u00a0\u00bb|||\u00a0\u00bb][et_pb_text _builder_version=\u00a0\u00bb4.24.0&Prime; _module_preset=\u00a0\u00bbdefault\u00a0\u00bb global_colors_info=\u00a0\u00bb{}\u00a0\u00bb]<\/p>\n<p>C\u00e9l\u00e9bration d&rsquo;envoi a lavallol, Buenos Aires<\/p>\n<p>Ce samedi\u00a023\u00a0mars\u00a02024, \u00e0 Lavallol, Buenos Aires, nous avons re\u00e7u une gr\u00e2ce tr\u00e8s particuli\u00e8re\u00a0: Celle de pouvoir c\u00e9l\u00e9brer et partager -que ce soit en personne ou virtuellement1 &#8211; l\u2019envoi de Cristina, Servante de Marie; Gladi et Silvina, s\u0153urs de la Compassion &#8230;<\/p>\n<p>O\u00f9 ? Comment? Pour quoi?<\/p>\n<p>Dans cette belle c\u00e9l\u00e9bration, nous avons v\u00e9cu et appr\u00e9ci\u00e9 quatre moments, au cours desquels nous avons partag\u00e9<\/p>\n<ul>\n<li><strong>D\u2019o\u00f9 venons-nous et o\u00f9 allons-nous ?\u00a0:<\/strong> Sur ce chemin d\u2019Alliance que nous avons parcouru entre 4 Congr\u00e9gations2 depuis 2015, nous avons accueilli la promesse de vivre une nouvelle fa\u00e7on la vie religieuse apostolique. A partir d\u2019\u00e9tapes, de projets et d\u2019exp\u00e9riences diverses d\u00e9j\u00e0 v\u00e9cues, nous franchissons aujourd\u2019hui un nouveau pas en Am\u00e9rique latine: fonder une communaut\u00e9 d\u2019Alliance dans le dioc\u00e8se de San Justo. Ce sera la quatri\u00e8me communaut\u00e9 d\u2019Alliance, puisqu\u2019il y en a deux en France et une en Espagne.<\/li>\n<li><strong>Comment ?<\/strong> En continuant de vivre la mission en communaut\u00e9, en \u00e9tant une pr\u00e9sence fraternelle et serviable, \u00e0 la mani\u00e8re de nos fondateurs.<br \/>C\u2019est \u00e0 ce moment-l\u00e0 que Silvina, Gladi et Cristina, nous ont exprim\u00e9 ce qu\u2019elles vivent et ce qu\u2019elles veulent vivre\u00a0: elles sont des femmes diff\u00e9rentes, vivant deux charismes diff\u00e9rents mais tr\u00e8s proches, avec des dons et des trajectoires personnelles et institutionnelles diff\u00e9rents&#8230;<br \/>Elles se savent appel\u00e9es \u00e0 s\u2019int\u00e9grer dans Saint Juste avec d\u2019autres et d\u2019autres missionnaires\/euses, avec d\u2019autres charismes eccl\u00e9siaux, d\u2019autres personnes et groupes divers&#8230; avec lesquels elles tisseront leurs vies et leurs services&#8230;<br \/>Tisser des fils de diff\u00e9rentes couleurs et textures, a \u00e9t\u00e9 le geste expressif qui a accompagn\u00e9 ce moment<\/li>\n<li><strong>Pour quoi faire ? :<\/strong> pour rendre pr\u00e9sente la Nouveaut\u00e9 du Royaume. Ce moment fut le c\u0153ur de la c\u00e9l\u00e9bration. Nous avons \u00e9cout\u00e9 le r\u00e9cit des Noces de Cana, nous sommes entr\u00e9s dans cette sc\u00e8ne, en nous laissant toucher profond\u00e9ment &#8230; Du silence priant qui a suivi, ont jailli des expression\u00e0 partir de ce que nous vivions dans le \u00ab\u00a0ici et maintenant\u00a0\u00bb :<br \/>\u00ab\u00a0ils n\u2019ont pas de vin\u00a0\u00bb &#8230; tant de manques, tant de besoins que vivent nos soeurs et nos fr\u00e8res&#8230; \u00ab\u00a0faites ce qu\u2019Il vous dit\u00a0\u00bb &#8230; \u00ab\u00a0remplissez les jarres&#8230;\u00a0\u00bb Remplissez-les avec ce que vous \u00eates, avec cette eau, le Seigneur fera un vin nouveau pour nos fr\u00e8res et soeurs, le vin de la fraternit\u00e9, de la vie partag\u00e9e et donn\u00e9e&#8230;<\/li>\n<li><strong>ENVOI :<\/strong> Ici nous sommes arriv\u00e9s au moment cl\u00e9, celui qui est \u00e0 l\u2019origine de cette rencontre, de cet appel : l\u2019envoi de Cristina, Gladi et Silvina \u00e0 \u00eatre une communaut\u00e9 fraternelle, missionnaire, annonciatrice du Royaume, ins\u00e9r\u00e9e dans le dioc\u00e8se de San Justo. Nous sommes tous conscients que vivre cela est impossible avec nos seules forces, c\u2019est pour cela que nous invoquons l\u2019Esprit de J\u00e9sus lui-m\u00eame, pour les assister, les guider, les accompagner, les fortifier&#8230; Nous faisons tous \u00e0 ce moment-l\u00e0, le geste d\u2019\u00e9tendre nos mains en signe de b\u00e9n\u00e9diction, en accompagnant l\u2019envoi que font, au nom de chaque Congr\u00e9gation, les Responsables g\u00e9n\u00e9rales3 . Elles donnent ensuite, \u00e0 la nouvelle communaut\u00e9, une lampe d\u2019huile parfum\u00e9e, signe qui leur rappellera ce moment et qui les encouragera \u00e0 vivre et \u00e0 r\u00e9pandre la douce chaleur et le parfum \u00e9vang\u00e9lique de la pri\u00e8re et de la fraternit\u00e9, dans les rencontres et oeuvres, pour soulager, adoucir, donner du go\u00fbt, une bonne odeur, et de la couleur autour d\u2019elles.<br \/>Apr\u00e8s que toutes les personnes pr\u00e9sentes aient embrass\u00e9 affectueusement les soeurs de la nouvelle communaut\u00e9, nous concluons la c\u00e9l\u00e9bration.<br \/>Voici venu alors le moment de partager de riches \u201cempanadas\u201d dans un climat de grande joie, un peu en avance sur la P\u00e2ques de la r\u00e9surrection d\u00e9j\u00e0 si proche<\/li>\n<\/ul>\n<p>[\/et_pb_text][\/et_pb_column][\/et_pb_row][et_pb_row _builder_version=\u00a0\u00bb4.24.0&Prime; _module_preset=\u00a0\u00bbdefault\u00a0\u00bb global_colors_info=\u00a0\u00bb{}\u00a0\u00bb][et_pb_column type=\u00a0\u00bb4_4&Prime; _builder_version=\u00a0\u00bb4.24.0&Prime; _module_preset=\u00a0\u00bbdefault\u00a0\u00bb global_colors_info=\u00a0\u00bb{}\u00a0\u00bb][et_pb_gallery gallery_ids=\u00a0\u00bb4388,4390,4392,4394,4396&Prime; posts_number=\u00a0\u00bb5&Prime; show_title_and_caption=\u00a0\u00bboff\u00a0\u00bb show_pagination=\u00a0\u00bboff\u00a0\u00bb _builder_version=\u00a0\u00bb4.24.0&Prime; _module_preset=\u00a0\u00bbdefault\u00a0\u00bb animation_style=\u00a0\u00bbslide\u00a0\u00bb global_colors_info=\u00a0\u00bb{}\u00a0\u00bb][\/et_pb_gallery][\/et_pb_column][\/et_pb_row][\/et_pb_section]<\/p>\n","protected":false},"excerpt":{"rendered":"<p>C\u00e9l\u00e9bration d&rsquo;envoi a lavallol, Buenos Aires Ce samedi\u00a023\u00a0mars\u00a02024, \u00e0 Lavallol, Buenos Aires, nous avons re\u00e7u une gr\u00e2ce tr\u00e8s particuli\u00e8re\u00a0: Celle de pouvoir c\u00e9l\u00e9brer et partager -que ce soit en personne ou virtuellement1 &#8211; l\u2019envoi de Cristina, Servante de Marie; Gladi et Silvina, s\u0153urs de la Compassion &#8230; O\u00f9 ? Comment? Pour quoi? Dans cette belle [&hellip;]<\/p>\n","protected":false},"author":1,"featured_media":4386,"comment_status":"closed","ping_status":"closed","sticky":false,"template":"","format":"standard","meta":{"_et_pb_use_builder":"on","_et_pb_old_content":"","_et_gb_content_width":"","footnotes":""},"categories":[24,57],"tags":[96],"class_list":["post-4381","post","type-post","status-publish","format-standard","has-post-thumbnail","hentry","category-argentine","category-chemin-de-alliance","tag-chemin-dalliance"],"_links":{"self":[{"href":"https:\/\/ndcompassion.com\/fr\/wp-json\/wp\/v2\/posts\/4381","targetHints":{"allow":["GET"]}}],"collection":[{"href":"https:\/\/ndcompassion.com\/fr\/wp-json\/wp\/v2\/posts"}],"about":[{"href":"https:\/\/ndcompassion.com\/fr\/wp-json\/wp\/v2\/types\/post"}],"author":[{"embeddable":true,"href":"https:\/\/ndcompassion.com\/fr\/wp-json\/wp\/v2\/users\/1"}],"replies":[{"embeddable":true,"href":"https:\/\/ndcompassion.com\/fr\/wp-json\/wp\/v2\/comments?post=4381"}],"version-history":[{"count":6,"href":"https:\/\/ndcompassion.com\/fr\/wp-json\/wp\/v2\/posts\/4381\/revisions"}],"predecessor-version":[{"id":4411,"href":"https:\/\/ndcompassion.com\/fr\/wp-json\/wp\/v2\/posts\/4381\/revisions\/4411"}],"wp:featuredmedia":[{"embeddable":true,"href":"https:\/\/ndcompassion.com\/fr\/wp-json\/wp\/v2\/media\/4386"}],"wp:attachment":[{"href":"https:\/\/ndcompassion.com\/fr\/wp-json\/wp\/v2\/media?parent=4381"}],"wp:term":[{"taxonomy":"category","embeddable":true,"href":"https:\/\/ndcompassion.com\/fr\/wp-json\/wp\/v2\/categories?post=4381"},{"taxonomy":"post_tag","embeddable":true,"href":"https:\/\/ndcompassion.com\/fr\/wp-json\/wp\/v2\/tags?post=4381"}],"curies":[{"name":"wp","href":"https:\/\/api.w.org\/{rel}","templated":true}]}}