{"id":4145,"date":"2021-11-15T12:51:04","date_gmt":"2021-11-15T11:51:04","guid":{"rendered":"https:\/\/ndcompassion.com\/?p=4145"},"modified":"2021-11-15T12:51:08","modified_gmt":"2021-11-15T11:51:08","slug":"rassemblees-en-ton-nom-nous-sommes-envoyees","status":"publish","type":"post","link":"https:\/\/ndcompassion.com\/fr\/rassemblees-en-ton-nom-nous-sommes-envoyees\/","title":{"rendered":"Rassembl\u00e9es en ton nom, nous sommes envoy\u00e9es"},"content":{"rendered":"<p>[et_pb_section fb_built=\u00a0\u00bb1&Prime; _builder_version=\u00a0\u00bb4.9.4&Prime; _module_preset=\u00a0\u00bbdefault\u00a0\u00bb][et_pb_row _builder_version=\u00a0\u00bb4.9.4&Prime; _module_preset=\u00a0\u00bbdefault\u00a0\u00bb][et_pb_column _builder_version=\u00a0\u00bb4.9.4&Prime; _module_preset=\u00a0\u00bbdefault\u00a0\u00bb type=\u00a0\u00bb4_4&Prime;][et_pb_text _builder_version=\u00a0\u00bb4.9.4&Prime; _module_preset=\u00a0\u00bbdefault\u00a0\u00bb hover_enabled=\u00a0\u00bb0&Prime; sticky_enabled=\u00a0\u00bb0&Prime;]<\/p>\n<p style=\"text-align: justify;\">Le 1\u00b0 et 2 octobre les Congr\u00e9gations de l\u2019Alliance (Filles de la Croix, S\u0153urs de Notre Dame de la Compassion, S\u0153ur de Sauveur et la Sainte Vierge et Servantes de Marie) se sont r\u00e9unies \u00e0 la Maison M\u00e8re des Servantes de Marie \u00e0 Anglet, pour vivre un temps de r\u00e9flexion et participer \u00e0 une c\u00e9l\u00e9bration : Remercier pour le cheminement v\u00e9cu par la premi\u00e8re communaut\u00e9s de San Sebasti\u00e1n et offrir et envoyer les deux nouvelles communaut\u00e9s qui marchent ensemble depuis quelque mois.<\/p>\n<p style=\"text-align: justify;\">Au cours de cette c\u00e9l\u00e9bration les Sup\u00e9rieures G\u00e9n\u00e9rales des trois Congr\u00e9gations, Elena (NDC), Isabel (SM) et Susana (FDC) remettent le symbole : un b\u00e2ton qui symbolise la confiance en chacune et en chaque communaut\u00e9. Il servira de soutien dans le cheminement quotidien.<\/p>\n<p style=\"text-align: center;\">\u201cNous sommes toutes t\u00e9moins de cet envoi<br \/>et nous allons faire un geste avec notre corps<br \/>comme prise en compte de notre exp\u00e9rience<br \/>des Congr\u00e9gations en Chemin d\u2019Alliance<br \/>Nous vivons selon la direction que vous nous avez indiqu\u00e9e<br \/>dans le cercle de la vie.<br \/>\u00ab Viens, Grand Esprit nous rassembler en ton nom. \u00bb<br \/>Nous honorons ton Esprit, qui renouvelle le monde<br \/>et nous appelle \u00e0 prendre soin de ta Cr\u00e9ation<br \/>\u00e0 l\u2019Est, au Sud, \u00e0 l\u2019Ouest et au Nord.<\/p>\n<p>[\/et_pb_text][et_pb_video _builder_version=\u00a0\u00bb4.9.4&Prime; _module_preset=\u00a0\u00bbdefault\u00a0\u00bb src=\u00a0\u00bbhttps:\/\/youtu.be\/bqr3JdV-ggg\u00a0\u00bb hover_enabled=\u00a0\u00bb0&Prime; sticky_enabled=\u00a0\u00bb0&Prime;][\/et_pb_video][et_pb_text _builder_version=\u00a0\u00bb4.9.4&Prime; _module_preset=\u00a0\u00bbdefault\u00a0\u00bb hover_enabled=\u00a0\u00bb0&Prime; sticky_enabled=\u00a0\u00bb0&Prime;]<\/p>\n<p style=\"text-align: justify;\">Nous tournons notre corps vers les Quatre Directions tout en priant les pri\u00e8res suivantes.<\/p>\n<p style=\"text-align: justify;\">Nous commen\u00e7ons par tourner vers l\u2019Est et continuons \u00e0 tourner, \u00e0 chaque phrase, dans le sens des aiguilles d\u2019une montre. \u00ab Viens Esprit Saint, viens\u00bb.<\/p>\n<p><strong>Nous regardons vers l\u2019Est<\/strong> : Le lieu du lever du soleil, il y a de la beaut\u00e9 le matin, ceux qui cherchent y trouvent ici de nouvelles vues avec la naissance de chaque jour sacr\u00e9.Toutes les personnes qui honorent la vie et son environnement, toutes celles qui honorent la vie dans son int\u00e9rieur, brilleront avec lumi\u00e8re et gloire \u00e0 l\u2019arriv\u00e9e de chaque matin .<\/p>\n<p style=\"text-align: justify;\">Et nous prions : \u201c Viens Esprit-Saint, viens!\u201d<\/p>\n<p><strong>Nous nous tournons vers le sud<\/strong> : Dans le Sud, le lieu de la croissance, il y a la sagesse sur terre et \u00e0 la fois le douloureux chant de la mort comme le chant joyeux de la naissance. Tout comme la Terre donne son sang vif pour que le c\u0153ur de ses fils et de ses filles puisse battre, pour notre part nous lui rendons notre d\u00e9votion pour le sol sacr\u00e9 sous nos pieds.<\/p>\n<p style=\"text-align: justify;\">\u00abViens Esprit Saint, viens\u00bb.<\/p>\n<p><strong>Nous nous dirigeons vers l\u2019ouest<\/strong> : Le lieu de la contemplation,Ici na\u00eet la vue du Serviteur des Serviteurs, celui que l\u2019\u00c9vangile nous a annonc\u00e9. Guides -nous \u00e0 lafin de chaque journ\u00e9e et remplis-nous de ta paix.<\/p>\n<p style=\"text-align: justify;\">\u00abViens Esprit Saint, viens\u00bb.<\/p>\n<p><strong>Nous regardons vers le nord<\/strong> : Nous regardons Dieu, notre Cr\u00e9ateur, qui lave notre terre avec la neige, avec le vent et avec la pluie. \u00c0 J\u00e9sus qui nous remplit de l\u2019immensit\u00e9 de la mis\u00e9ricorde et de la gr\u00e2ce, en embrassant avec amour tous le monde. Et \u00e0 l\u2019Esprit Saint qui vient nous inspirer.<\/p>\n<p style=\"text-align: justify;\">\u00abViens Esprit Saint, viens\u00bb.<\/p>\n<p><strong>Pendant le moment des Offrandes<\/strong><\/p>\n<p style=\"text-align: justify;\">Chaque communaut\u00e9 a choisi un symbole y nous ont partag\u00e9 sa signification<\/p>\n<p><strong>Les Mureaux<\/strong><\/p>\n<p style=\"text-align: justify;\">\u00abNous venons avec ces tissus, symbole de nos histoires personnelles, de nos vies religieuses fa\u00e7onn\u00e9es par nos propres congr\u00e9gations.<br \/>C\u2019est avec la richesse de nos vies que nous tissons, construisons notre communaut\u00e9 en Alliance, \u00e0 laquelle nous avons \u00e9t\u00e9 envoy\u00e9es par nos congr\u00e9gations.<\/p>\n<p style=\"text-align: justify;\">Le Christ en est le centre. Il est notre lumi\u00e8re, notre chemin, notre vie, qui donne sens \u00e0 ce nouveau Chemin initi\u00e9 par Anne Marie et Fran\u00e7oise en Octobre 2020 et Christine en Avril 2021.<\/p>\n<p style=\"text-align: justify;\">C\u2019est Lui qui nous fortifie par sa Parole de Vie, qui \u00e9claire notre route, notre chemin personnel et Communautaire, pour \u00eatre signe de l\u2019Amour que Dieu nous porte au c\u0153ur de ce quartier des Mureaux multiculturel et pluri-religieux.\u00bb<\/p>\n<p><strong>San Sebasti\u00e1n<\/strong><\/p>\n<p style=\"text-align: justify;\">\u201cLors de notre premier envoi nous avons, pr\u00e9sent\u00e9 plusieurs symboles; l\u2019un deux \u00ab le sac \u00e0 dos \u00bb vide ; car nous commencions une nouvelle \u00e9tape, le chemin d\u2019alliance, et nous nous voulions, l\u00e9g\u00e8res d\u2019\u00e9quipage. Ce sac \u00e0 dos \u00bb petit \u00e0 petit s\u2019est rempli des pas faits vers les autres, vers ceux \u00e0 qui nous avons \u00e9t\u00e9 envoy\u00e9es. Nous le pr\u00e9sentons avec ce qui nous fait vivre chaque jour.: le projet Communautaire<\/p>\n<p style=\"text-align: justify;\">Sans trop tarder, nous avons pu formuler notre projet de vie, engagement pour construire la communaut\u00e9. L\u00e0 nous mettions notre d\u00e9sir d\u2019avancer dans la recherche de J\u00e9sus, de le d\u00e9couvrir donnant vie \u00e0 la nouvelle communaut\u00e9. Et dans ce cheminement nous nous sommes senties accompagn\u00e9es par Marie et illumin\u00e9es par l\u2019Esprit Saint.<\/p>\n<p><strong>Saint Pierre du Mont<\/strong><\/p>\n<p style=\"text-align: justify;\">Notre symbole: la Cruche Une cruche, c\u2019est fragile, nous aussi, nous sommes vuln\u00e9rables. Une cruche \u00e0 une forme et une couleur sp\u00e9ciale : nous sommes diff\u00e9rentes. Elle contient de l\u2019eau, l\u2019eau c\u2019est la VIE; En Afrique, c\u2019est le lait du Bon Dieu L\u2019eau c\u2019est pour PARTAGER<\/p>\n<p style=\"text-align: justify;\">L&rsquo;Esprit souffle o\u00f9 il veut et quand il veut, nous inspirant \u00e0 marcher&#8230;<\/p>\n<p>[\/et_pb_text][\/et_pb_column][\/et_pb_row][\/et_pb_section]<\/p>\n","protected":false},"excerpt":{"rendered":"<p>Le 1\u00b0 et 2 octobre les Congr\u00e9gations de l\u2019Alliance (Filles de la Croix, S\u0153urs de Notre Dame de la Compassion, S\u0153ur de Sauveur et la Sainte Vierge et Servantes de Marie) se sont r\u00e9unies \u00e0 la Maison M\u00e8re des Servantes de Marie \u00e0 Anglet, pour vivre un temps de r\u00e9flexion et participer \u00e0 une c\u00e9l\u00e9bration [&hellip;]<\/p>\n","protected":false},"author":1,"featured_media":4141,"comment_status":"closed","ping_status":"closed","sticky":false,"template":"","format":"standard","meta":{"_et_pb_use_builder":"on","_et_pb_old_content":"","_et_gb_content_width":"","footnotes":""},"categories":[57],"tags":[96],"class_list":["post-4145","post","type-post","status-publish","format-standard","has-post-thumbnail","hentry","category-chemin-de-alliance","tag-chemin-dalliance"],"_links":{"self":[{"href":"https:\/\/ndcompassion.com\/fr\/wp-json\/wp\/v2\/posts\/4145","targetHints":{"allow":["GET"]}}],"collection":[{"href":"https:\/\/ndcompassion.com\/fr\/wp-json\/wp\/v2\/posts"}],"about":[{"href":"https:\/\/ndcompassion.com\/fr\/wp-json\/wp\/v2\/types\/post"}],"author":[{"embeddable":true,"href":"https:\/\/ndcompassion.com\/fr\/wp-json\/wp\/v2\/users\/1"}],"replies":[{"embeddable":true,"href":"https:\/\/ndcompassion.com\/fr\/wp-json\/wp\/v2\/comments?post=4145"}],"version-history":[{"count":2,"href":"https:\/\/ndcompassion.com\/fr\/wp-json\/wp\/v2\/posts\/4145\/revisions"}],"predecessor-version":[{"id":4148,"href":"https:\/\/ndcompassion.com\/fr\/wp-json\/wp\/v2\/posts\/4145\/revisions\/4148"}],"wp:featuredmedia":[{"embeddable":true,"href":"https:\/\/ndcompassion.com\/fr\/wp-json\/wp\/v2\/media\/4141"}],"wp:attachment":[{"href":"https:\/\/ndcompassion.com\/fr\/wp-json\/wp\/v2\/media?parent=4145"}],"wp:term":[{"taxonomy":"category","embeddable":true,"href":"https:\/\/ndcompassion.com\/fr\/wp-json\/wp\/v2\/categories?post=4145"},{"taxonomy":"post_tag","embeddable":true,"href":"https:\/\/ndcompassion.com\/fr\/wp-json\/wp\/v2\/tags?post=4145"}],"curies":[{"name":"wp","href":"https:\/\/api.w.org\/{rel}","templated":true}]}}