{"id":3982,"date":"2021-07-06T09:50:33","date_gmt":"2021-07-06T08:50:33","guid":{"rendered":"https:\/\/ndcompassion.com\/?p=3982"},"modified":"2021-07-06T09:50:35","modified_gmt":"2021-07-06T08:50:35","slug":"partager-notre-vie","status":"publish","type":"post","link":"https:\/\/ndcompassion.com\/fr\/partager-notre-vie\/","title":{"rendered":"Partager notre vie"},"content":{"rendered":"<p>[et_pb_section fb_built=\u00a0\u00bb1&Prime; admin_label=\u00a0\u00bbsection\u00a0\u00bb _builder_version=\u00a0\u00bb3.22&Prime;][et_pb_row admin_label=\u00a0\u00bbrow\u00a0\u00bb _builder_version=\u00a0\u00bb3.25&Prime; background_size=\u00a0\u00bbinitial\u00a0\u00bb background_position=\u00a0\u00bbtop_left\u00a0\u00bb background_repeat=\u00a0\u00bbrepeat\u00a0\u00bb][et_pb_column type=\u00a0\u00bb4_4&Prime; _builder_version=\u00a0\u00bb3.25&Prime; custom_padding=\u00a0\u00bb|||\u00a0\u00bb custom_padding__hover=\u00a0\u00bb|||\u00a0\u00bb][et_pb_text _builder_version=\u00a0\u00bb4.9.4&Prime; _module_preset=\u00a0\u00bbdefault\u00a0\u00bb]<\/p>\n<p style=\"text-align: justify\">La Communaut\u00e9 de Los Rosales a v\u00e9cu ces mois- ci des \u00e9v\u00e9nements douloureux et des \u00ab\u00a0surprises\u00a0\u00bb. Au c\u0153ur de cette situation, le Seigneur nous a accompagn\u00e9es, et nous a soutenues\u00a0: Au moment du d\u00e9c\u00e8s de notre S\u0153ur Milagros Diez \u00e0 l\u2019\u00e2ge de 89 ans et de celui de s\u0153urs des communaut\u00e9s chr\u00e9tiennes compasionistes\u00a0: Bertha Ly, Rosita Maldonado, Sabina Mendivil. <\/p>\n<p>[\/et_pb_text][\/et_pb_column][\/et_pb_row][et_pb_row column_structure=\u00a0\u00bb3_5,2_5&Prime; _builder_version=\u00a0\u00bb4.9.4&Prime; _module_preset=\u00a0\u00bbdefault\u00a0\u00bb vertical_offset=\u00a0\u00bb-16px\u00a0\u00bb][et_pb_column type=\u00a0\u00bb3_5&Prime; _builder_version=\u00a0\u00bb4.9.4&Prime; _module_preset=\u00a0\u00bbdefault\u00a0\u00bb][et_pb_text _builder_version=\u00a0\u00bb4.9.4&Prime; _module_preset=\u00a0\u00bbdefault\u00a0\u00bb]<\/p>\n<p style=\"text-align: justify\">R\u00e9cemment, nous avons dit \u00ab adieu \u00bb \u00e0 Elvia Ah\u00f3n, qui pendant 40 ans a consacr\u00e9 sa vie \u00e0 l\u2019\u00e9ducation en travaillant au coll\u00e8ge \u00ab\u00a0Nuestra Se\u00f1ora de la Luz\u00a0\u00bb \u00e0 Lima (dirig\u00e9 jusqu\u2019en 2010 par la Congr\u00e9gation) Une grande amiti\u00e9 nous unissait avec Elvia. Elle sut incarner dans sa vie quotidienne, la p\u00e9dagogie de la Compassion\u00a0: \u00ab\u00a0en classe soyez une ma\u00eetresse, dans la r\u00e9cr\u00e9ation une amie et en particulier une m\u00e8re\u00a0\u00bb\u00a0; elle a r\u00e9alis\u00e9 cela avec tous les membres de la communaut\u00e9 \u00e9ducative.<\/p>\n<p style=\"text-align: justify\">Notre communaut\u00e9 a \u00e9galement v\u00e9cu des moments d\u2019adieux avec Carmen Garc\u00eda et Judeisy Castro qui ont \u00e9t\u00e9 envoy\u00e9es en Espagne. Nous savons que ce n\u2019est qu\u2019un \u00ab \u00e0 bient\u00f4t\u00a0!\u00a0\u00bb, car le Seigneur continue de nous envoyer chaque jour pour \u00eatre t\u00e9moins de sa Compassion, l\u00e0 o\u00f9 il nous invite \u00e0 t\u00e9moigner de son amour pour les plus petits.<\/p>\n<p>[\/et_pb_text][\/et_pb_column][et_pb_column type=\u00a0\u00bb2_5&Prime; _builder_version=\u00a0\u00bb4.9.4&Prime; _module_preset=\u00a0\u00bbdefault\u00a0\u00bb][et_pb_image src=\u00a0\u00bbhttps:\/\/ndcompassion.com\/wp-content\/uploads\/2021\/07\/LosRosales02_800.jpg\u00a0\u00bb alt=\u00a0\u00bbCdad de los Rosales. Lima (Per\u00fa)\u00a0\u00bb title_text=\u00a0\u00bbLosRosales02_800&Prime; _builder_version=\u00a0\u00bb4.9.4&Prime; _module_preset=\u00a0\u00bbdefault\u00a0\u00bb animation_style=\u00a0\u00bbslide\u00a0\u00bb][\/et_pb_image][\/et_pb_column][\/et_pb_row][et_pb_row _builder_version=\u00a0\u00bb4.9.4&Prime; _module_preset=\u00a0\u00bbdefault\u00a0\u00bb vertical_offset=\u00a0\u00bb-32px\u00a0\u00bb][et_pb_column type=\u00a0\u00bb4_4&Prime; _builder_version=\u00a0\u00bb4.9.4&Prime; _module_preset=\u00a0\u00bbdefault\u00a0\u00bb][et_pb_text _builder_version=\u00a0\u00bb4.9.4&Prime; _module_preset=\u00a0\u00bbdefault\u00a0\u00bb]<\/p>\n<p style=\"text-align: justify\">C\u2019est au milieu de cette r\u00e9alit\u00e9, que comme pays, et comme communaut\u00e9, nous sentons que le Seigneur nous soutien et nous lance dans l\u2019esp\u00e9rance pour continuer \u00e0 vivre notre vocation, en servant la vie jusqu\u2019\u00e0 la fin.<\/p>\n<p>Commonaut\u00e9 des Rosiers &#8211; Lima<\/p>\n<p>[\/et_pb_text][\/et_pb_column][\/et_pb_row][\/et_pb_section]<\/p>\n","protected":false},"excerpt":{"rendered":"<p>La Communaut\u00e9 de Los Rosales a v\u00e9cu ces mois- ci des \u00e9v\u00e9nements douloureux et des \u00ab\u00a0surprises\u00a0\u00bb. Au c\u0153ur de cette situation, le Seigneur nous a accompagn\u00e9es, et nous a soutenues\u00a0: Au moment du d\u00e9c\u00e8s de notre S\u0153ur Milagros Diez \u00e0 l\u2019\u00e2ge de 89 ans et de celui de s\u0153urs des communaut\u00e9s chr\u00e9tiennes compasionistes\u00a0: Bertha Ly, [&hellip;]<\/p>\n","protected":false},"author":1,"featured_media":3974,"comment_status":"closed","ping_status":"closed","sticky":false,"template":"","format":"standard","meta":{"_et_pb_use_builder":"on","_et_pb_old_content":"","_et_gb_content_width":"","footnotes":""},"categories":[38],"tags":[],"class_list":["post-3982","post","type-post","status-publish","format-standard","has-post-thumbnail","hentry","category-perou"],"_links":{"self":[{"href":"https:\/\/ndcompassion.com\/fr\/wp-json\/wp\/v2\/posts\/3982","targetHints":{"allow":["GET"]}}],"collection":[{"href":"https:\/\/ndcompassion.com\/fr\/wp-json\/wp\/v2\/posts"}],"about":[{"href":"https:\/\/ndcompassion.com\/fr\/wp-json\/wp\/v2\/types\/post"}],"author":[{"embeddable":true,"href":"https:\/\/ndcompassion.com\/fr\/wp-json\/wp\/v2\/users\/1"}],"replies":[{"embeddable":true,"href":"https:\/\/ndcompassion.com\/fr\/wp-json\/wp\/v2\/comments?post=3982"}],"version-history":[{"count":7,"href":"https:\/\/ndcompassion.com\/fr\/wp-json\/wp\/v2\/posts\/3982\/revisions"}],"predecessor-version":[{"id":3991,"href":"https:\/\/ndcompassion.com\/fr\/wp-json\/wp\/v2\/posts\/3982\/revisions\/3991"}],"wp:featuredmedia":[{"embeddable":true,"href":"https:\/\/ndcompassion.com\/fr\/wp-json\/wp\/v2\/media\/3974"}],"wp:attachment":[{"href":"https:\/\/ndcompassion.com\/fr\/wp-json\/wp\/v2\/media?parent=3982"}],"wp:term":[{"taxonomy":"category","embeddable":true,"href":"https:\/\/ndcompassion.com\/fr\/wp-json\/wp\/v2\/categories?post=3982"},{"taxonomy":"post_tag","embeddable":true,"href":"https:\/\/ndcompassion.com\/fr\/wp-json\/wp\/v2\/tags?post=3982"}],"curies":[{"name":"wp","href":"https:\/\/api.w.org\/{rel}","templated":true}]}}