{"id":3961,"date":"2021-07-03T19:16:59","date_gmt":"2021-07-03T18:16:59","guid":{"rendered":"https:\/\/ndcompassion.com\/?p=3961"},"modified":"2021-07-03T19:17:03","modified_gmt":"2021-07-03T18:17:03","slug":"prosalmag-au-service-del-vie-au-temps-du-covid-19-seconde-vague","status":"publish","type":"post","link":"https:\/\/ndcompassion.com\/fr\/prosalmag-au-service-del-vie-au-temps-du-covid-19-seconde-vague\/","title":{"rendered":"PROSALMAG : Au service del Vie au temps du Covid-19 (Seconde Vague)"},"content":{"rendered":"<p>[et_pb_section fb_built=\u00a0\u00bb1&Prime; admin_label=\u00a0\u00bbsection\u00a0\u00bb _builder_version=\u00a0\u00bb3.22&Prime;][et_pb_row admin_label=\u00a0\u00bbrow\u00a0\u00bb _builder_version=\u00a0\u00bb3.25&Prime; background_size=\u00a0\u00bbinitial\u00a0\u00bb background_position=\u00a0\u00bbtop_left\u00a0\u00bb background_repeat=\u00a0\u00bbrepeat\u00a0\u00bb][et_pb_column type=\u00a0\u00bb4_4&Prime; _builder_version=\u00a0\u00bb3.25&Prime; custom_padding=\u00a0\u00bb|||\u00a0\u00bb custom_padding__hover=\u00a0\u00bb|||\u00a0\u00bb][et_pb_text _builder_version=\u00a0\u00bb4.9.4&Prime; _module_preset=\u00a0\u00bbdefault\u00a0\u00bb hover_enabled=\u00a0\u00bb0&Prime; sticky_enabled=\u00a0\u00bb0&Prime;]<\/p>\n<p style=\"text-align: justify;\">Depuis l\u2019Association Prosalmag nous vous partageons le service que nous r\u00e9alisons avec les concentrateurs d\u2019oxyg\u00e8ne 5lt\/minute pour les familles qui en ont besoin.<\/p>\n<p>[\/et_pb_text][\/et_pb_column][\/et_pb_row][et_pb_row _builder_version=\u00a0\u00bb4.9.4&Prime; _module_preset=\u00a0\u00bbdefault\u00a0\u00bb column_structure=\u00a0\u00bb3_5,2_5&Prime; vertical_offset=\u00a0\u00bb-16px\u00a0\u00bb hover_enabled=\u00a0\u00bb0&Prime; sticky_enabled=\u00a0\u00bb0&Prime;][et_pb_column _builder_version=\u00a0\u00bb4.9.4&Prime; _module_preset=\u00a0\u00bbdefault\u00a0\u00bb type=\u00a0\u00bb3_5&Prime;][et_pb_text _builder_version=\u00a0\u00bb4.9.4&Prime; _module_preset=\u00a0\u00bbdefault\u00a0\u00bb hover_enabled=\u00a0\u00bb0&Prime; sticky_enabled=\u00a0\u00bb0&Prime;]<\/p>\n<p style=\"text-align: justify;\">Comme nous le savons, la pand\u00e9mie nous affecte tous sans exception, \u00e9tant donn\u00e9 la r\u00e9alit\u00e9 sanitaire pr\u00e9caire dans tout le P\u00e9rou et, plus encore, dans notre r\u00e9gion de Saint-Martin. Les membres de la famille du malade du Covid ont tr\u00e8s peur de devoir de transf\u00e9rer le malade dans les h\u00f4pitaux d\u2019\u00c9tat en raison du taux \u00e9lev\u00e9 de mortalit\u00e9 et de l\u2019effondrement des soins m\u00e9dicaux d\u00fb aux niveaux \u00e9lev\u00e9s de contamination.<\/p>\n<p>C\u2019est pourquoi, concr\u00e9tisant le charisme de la Compassion, l\u2019Association Prosalmag a fourni les concentrateurs<\/p>\n<p>[\/et_pb_text][\/et_pb_column][et_pb_column _builder_version=\u00a0\u00bb4.9.4&Prime; _module_preset=\u00a0\u00bbdefault\u00a0\u00bb type=\u00a0\u00bb2_5&Prime;][et_pb_image _builder_version=\u00a0\u00bb4.9.4&Prime; _module_preset=\u00a0\u00bbdefault\u00a0\u00bb alt=\u00a0\u00bbGenerador recuperaci\u00f3n enfermos Covid-19&Prime; title_text=\u00a0\u00bbProsalmagGenerador02_800&Prime; src=\u00a0\u00bbhttps:\/\/ndcompassion.com\/wp-content\/uploads\/2021\/07\/ProsalmagGenerador02_800.jpeg\u00a0\u00bb animation_style=\u00a0\u00bbslide\u00a0\u00bb hover_enabled=\u00a0\u00bb0&Prime; sticky_enabled=\u00a0\u00bb0&Prime;][\/et_pb_image][\/et_pb_column][\/et_pb_row][et_pb_row _builder_version=\u00a0\u00bb4.9.4&Prime; _module_preset=\u00a0\u00bbdefault\u00a0\u00bb vertical_offset=\u00a0\u00bb-32px\u00a0\u00bb hover_enabled=\u00a0\u00bb0&Prime; sticky_enabled=\u00a0\u00bb0&Prime;][et_pb_column _builder_version=\u00a0\u00bb4.9.4&Prime; _module_preset=\u00a0\u00bbdefault\u00a0\u00bb type=\u00a0\u00bb4_4&Prime;][et_pb_text _builder_version=\u00a0\u00bb4.9.4&Prime; _module_preset=\u00a0\u00bbdefault\u00a0\u00bb hover_enabled=\u00a0\u00bb0&Prime; sticky_enabled=\u00a0\u00bb0&Prime;]<\/p>\n<p style=\"text-align: justify;\">d\u2019oxyg\u00e8ne aux malades du Covid qui sont pris en charge \u00e0 leur domicile, en les soutenant tout au long de leur r\u00e9cup\u00e9ration. Dans la plupart des cas, nous avons r\u00e9ussi \u00e0 vaincre cette maladie si f\u00e9roce.<\/p>\n<p>[\/et_pb_text][et_pb_image _builder_version=\u00a0\u00bb4.9.4&Prime; _module_preset=\u00a0\u00bbdefault\u00a0\u00bb alt=\u00a0\u00bbGenerador recuperaci\u00f3n enfermos Covid-19&Prime; title_text=\u00a0\u00bbProsalmagGenerador03_800&Prime; src=\u00a0\u00bbhttps:\/\/ndcompassion.com\/wp-content\/uploads\/2021\/07\/ProsalmagGenerador03_800.jpeg\u00a0\u00bb hover_enabled=\u00a0\u00bb0&Prime; sticky_enabled=\u00a0\u00bb0&Prime;][\/et_pb_image][et_pb_text _builder_version=\u00a0\u00bb4.9.4&Prime; _module_preset=\u00a0\u00bbdefault\u00a0\u00bb hover_enabled=\u00a0\u00bb0&Prime; sticky_enabled=\u00a0\u00bb0&Prime;]<\/p>\n<p style=\"text-align: justify;\">A partir de l\u00e0, nous voulons continuer \u00e0 servir avec cette lumi\u00e8re d\u2019esp\u00e9rance et vivre dans ce courant de compassion l\u00e0 o\u00f9 nous avons \u00e9t\u00e9 appel\u00e9es; Nous r\u00e9pondrons ainsi aux cris de nos fr\u00e8res qui ont besoin en ce moment de r\u00e9ponses solidaires sans distinction de classe sociale, de religion, etc.<\/p>\n<p style=\"text-align: justify;\">\u00ab\u00a0Notre mission est d\u2019aller sur les routes et de montrer \u00e0 tous que DIEU EST COMPASSION\u00a0\u00bb.<\/p>\n<p>\u00c9quipe de PROSALMAG<\/p>\n<p>[\/et_pb_text][\/et_pb_column][\/et_pb_row][\/et_pb_section]<\/p>\n","protected":false},"excerpt":{"rendered":"<p>Depuis l\u2019Association Prosalmag nous vous partageons le service que nous r\u00e9alisons avec les concentrateurs d\u2019oxyg\u00e8ne 5lt\/minute pour les familles qui en ont besoin.Comme nous le savons, la pand\u00e9mie nous affecte tous sans exception, \u00e9tant donn\u00e9 la r\u00e9alit\u00e9 sanitaire pr\u00e9caire dans tout le P\u00e9rou et, plus encore, dans notre r\u00e9gion de Saint-Martin. Les membres de la [&hellip;]<\/p>\n","protected":false},"author":1,"featured_media":3950,"comment_status":"closed","ping_status":"closed","sticky":false,"template":"","format":"standard","meta":{"_et_pb_use_builder":"on","_et_pb_old_content":"","_et_gb_content_width":"","footnotes":""},"categories":[38,53],"tags":[62,117],"class_list":["post-3961","post","type-post","status-publish","format-standard","has-post-thumbnail","hentry","category-perou","category-prosalmag-2","tag-covid-19-2","tag-prosalmag"],"_links":{"self":[{"href":"https:\/\/ndcompassion.com\/fr\/wp-json\/wp\/v2\/posts\/3961","targetHints":{"allow":["GET"]}}],"collection":[{"href":"https:\/\/ndcompassion.com\/fr\/wp-json\/wp\/v2\/posts"}],"about":[{"href":"https:\/\/ndcompassion.com\/fr\/wp-json\/wp\/v2\/types\/post"}],"author":[{"embeddable":true,"href":"https:\/\/ndcompassion.com\/fr\/wp-json\/wp\/v2\/users\/1"}],"replies":[{"embeddable":true,"href":"https:\/\/ndcompassion.com\/fr\/wp-json\/wp\/v2\/comments?post=3961"}],"version-history":[{"count":6,"href":"https:\/\/ndcompassion.com\/fr\/wp-json\/wp\/v2\/posts\/3961\/revisions"}],"predecessor-version":[{"id":3968,"href":"https:\/\/ndcompassion.com\/fr\/wp-json\/wp\/v2\/posts\/3961\/revisions\/3968"}],"wp:featuredmedia":[{"embeddable":true,"href":"https:\/\/ndcompassion.com\/fr\/wp-json\/wp\/v2\/media\/3950"}],"wp:attachment":[{"href":"https:\/\/ndcompassion.com\/fr\/wp-json\/wp\/v2\/media?parent=3961"}],"wp:term":[{"taxonomy":"category","embeddable":true,"href":"https:\/\/ndcompassion.com\/fr\/wp-json\/wp\/v2\/categories?post=3961"},{"taxonomy":"post_tag","embeddable":true,"href":"https:\/\/ndcompassion.com\/fr\/wp-json\/wp\/v2\/tags?post=3961"}],"curies":[{"name":"wp","href":"https:\/\/api.w.org\/{rel}","templated":true}]}}