{"id":3902,"date":"2021-05-23T13:12:52","date_gmt":"2021-05-23T12:12:52","guid":{"rendered":"https:\/\/ndcompassion.com\/?p=3902"},"modified":"2021-05-23T13:12:55","modified_gmt":"2021-05-23T12:12:55","slug":"vivre-a-sainte-foy","status":"publish","type":"post","link":"https:\/\/ndcompassion.com\/fr\/vivre-a-sainte-foy\/","title":{"rendered":"Vivre \u00e0 Sainte Foy"},"content":{"rendered":"<p>[et_pb_section fb_built=\u00a0\u00bb1&Prime; _builder_version=\u00a0\u00bb4.9.4&Prime; _module_preset=\u00a0\u00bbdefault\u00a0\u00bb][et_pb_row _builder_version=\u00a0\u00bb4.9.4&Prime; _module_preset=\u00a0\u00bbdefault\u00a0\u00bb][et_pb_column _builder_version=\u00a0\u00bb4.9.4&Prime; _module_preset=\u00a0\u00bbdefault\u00a0\u00bb type=\u00a0\u00bb4_4&Prime;][et_pb_text _builder_version=\u00a0\u00bb4.9.4&Prime; _module_preset=\u00a0\u00bbdefault\u00a0\u00bb hover_enabled=\u00a0\u00bb0&Prime; sticky_enabled=\u00a0\u00bb0&Prime;]<\/p>\n<p style=\"text-align: justify;\"><em>Lors de notre premier confinement, au mois de mars, nous avions partag\u00e9 un premier aspect de notre engagement missionnaire sur notre secteur paroissial\u00a0: la participation \u00e0 l\u2019\u00e9quipe liturgique qui anime les c\u00e9l\u00e9brations eucharistiques dans villages alentours ( les p\u00e9riph\u00e9ries ). A ce moment-l\u00e0, nous avions pr\u00e9vu de continuer notre partage missionnaire chez les personnes \u00e2g\u00e9es et isol\u00e9es de notre village. Cet engagement a \u00e9t\u00e9 en pris en communaut\u00e9, au sein du CCAS (Centre Communal d\u2019Action Sociale) car ces petites dames ont de multiples besoins et chacune de nous donne selon ses dons et leurs demandes.<\/em><\/p>\n<p style=\"text-align: justify;\"><em>Cette action s\u2019est concr\u00e9tis\u00e9e avec la participation de Sr Marie Laso en faisant partie du CCAS du village. Nous sommes tr\u00e8s heureuses de cette action. Ci-joint l\u2019article que la Mairie nous a d\u00e9di\u00e9 dans le journal local.<\/em><\/p>\n<p style=\"text-align: justify;\"><strong>Nous partageons avec vous, une interview qui a \u00e9t\u00e9 faite par une association \u00e0 notre S\u0153ur Maria Luz Laso.<\/strong><\/p>\n<p style=\"text-align: justify;\"><strong>S\u0153ur Marie, membre du Centre Communal d\u2019Action Sociale ( CCAS).<\/strong><\/p>\n<p style=\"text-align: justify;\"><em>Vous avez certainement d\u00e9j\u00e0 crois\u00e9 sa petite silhouette \u00e9nergique et on doux sourire. S\u0153ur Marie est une de derni\u00e8res r\u00e9sidentes du Couvent de Sainte Foy. En plus de ses activit\u00e9s li\u00e9es \u00e0 la vie religieuse, elle donne de son temps aux personnes \u00e2g\u00e9es de notre commune.<\/em><\/p>\n<p style=\"text-align: justify;\"><span style=\"color: #3366ff;\"><em><strong>Bonjour S\u0153ur Marie. D\u2019o\u00f9 venez-vous\u00a0?<\/strong><\/em><\/span><\/p>\n<p style=\"text-align: justify;\">Je suis n\u00e9e dans un petit village de Castille en Espagne\u00a0: Santerv\u00e1s de la Vega.. C\u2019est l\u00e0 qu\u2019\u00e0 17 ans, j\u2019ai int\u00e9gr\u00e9 la congr\u00e9gation Notre Dame de la Compassion o\u00f9 j\u2019ai \u00e9tudi\u00e9 pour \u00eatre institutrice.<\/p>\n<p style=\"text-align: justify;\"><span style=\"color: #3366ff;\"><em><strong>Comment et pourquoi \u00eates-vous venue vivre en France\u00a0?<\/strong><\/em><\/span><\/p>\n<p style=\"text-align: justify;\">Une premi\u00e8re fois, \u00e0 20 ans, j\u2019ai \u00e9t\u00e9 envoy\u00e9e \u00e0 Toulouse pur apprendre le fran\u00e7ais. En m\u00eame temps je suivais des cours de philosophie \u00e0 l\u2019universit\u00e9. Je me rappelle, c\u2019\u00e9tait rue du Taur. Je suis rest\u00e9e deux ans, puis je suis retourn\u00e9e en Espagne dans ma congr\u00e9gation.<\/p>\n<p style=\"text-align: justify;\">Quelques ann\u00e9es plus tard, suite au Concile Vatican II, l\u2019Eglise a conseill\u00e9 aux Congr\u00e9gations peu nombreuses de se regrouper. On m\u2019a alors demand\u00e9 de partir en Picardie, parce que je parlai fran\u00e7ais. J\u2019ai accept\u00e9, apr\u00e8s quand m\u00eame quelques h\u00e9sitations, et pour une ann\u00e9e seulement.<\/p>\n<p style=\"text-align: justify;\">L\u00e0-bas, j\u2019ai enseign\u00e9 l\u2019espagnol, \u00e0 Compi\u00e8gne. Finalement, je m\u2019y suis beaucoup plu. J\u2019avais un tr\u00e8s bon contact avec les \u00e9l\u00e8ves. Tout le monde m\u2019a accueilli \u00e0 bras ouverts. J\u2019y suis donc rest\u00e9e\u2026 35 ans\u00a0!<\/p>\n<p style=\"text-align: justify;\"><span style=\"color: #3366ff;\"><em><strong>Comment vous \u00eates-vous retrouv\u00e9e \u00e0 Ste Foy\u00a0?<\/strong><\/em><\/span><\/p>\n<p style=\"text-align: justify;\">En 2000, j\u2019ai pris ma retraite de l\u2019enseignement, et en 2013, j\u2019ai d\u00e9cid\u00e9 de me rapprocher d\u2019une partie de ma famille qui vit dans la r\u00e9gion toulousaine. J\u2019ai donc int\u00e9gr\u00e9 la congr\u00e9gation Notre Dame de la Compassion de Sainte Foy.<\/p>\n<p style=\"text-align: justify;\"><span style=\"color: #3366ff;\"><em><strong>Et un jour, vous avez pouss\u00e9 la porte de la mairie\u2026<\/strong><\/em><\/span><\/p>\n<p style=\"text-align: justify;\">Je me sentais un peu d\u00e9s\u0153uvr\u00e9e, alors je me suis pr\u00e9sent\u00e9e \u00e0 la mairie pour savoir si je pouvais me rendre utile. J\u2019ai \u00e9t\u00e9 tr\u00e8s bien accueillie, par Fran\u00e7ois VIVES, le maire, et Franck FELMANN, l\u2019ancien responsable du CCAS m\u2019ont propos\u00e9 une liste de personnes \u00e2g\u00e9es \u00e0 visiter. Aujourd\u2019hui, je les visite r\u00e9guli\u00e8rement, je discute avec elles, je les aide si besoin.<\/p>\n<p style=\"text-align: justify;\"><span style=\"color: #3366ff;\"><em><strong>Avez-vous d\u2019autres activit\u00e9s ?<\/strong><\/em><\/span><\/p>\n<p style=\"text-align: justify;\">Bien s\u00fbr\u00a0! Je fais partie d\u2019un petit groupe qui s\u2019occupe de l\u2019animation liturgique dans quelques villages alentour. Nous pr\u00e9parons les messes dominicales, par exemple. Je suis aussi charg\u00e9e de pr\u00e9parer les familles au bapt\u00eame des b\u00e9b\u00e9s.<\/p>\n<p style=\"text-align: justify;\"><span style=\"color: #3366ff;\"><em><strong>Que vous apportent les visites que vous effectuez\u00a0?<\/strong><\/em><\/span><\/p>\n<p style=\"text-align: justify;\">Moi qui ai surtout travaill\u00e9 avec des jeunes, j\u2019apprends beaucoup au contact des personnes \u00e2g\u00e9es. J\u2019apprends \u00e0 les comprendre, \u00e0 \u00eatre dans la bienveillance, plut\u00f4t que dans le jugement.<\/p>\n<p style=\"text-align: justify;\">Il arrive aussi que ma pr\u00e9sence permette d\u2019apaiser certains conflits, entre voisins ou en famille. Les gens, parfois, me confient des choses qu\u2019ils ne confieraient \u00e0 personne d\u2019autre et je sais que \u00e7a leur fait du bien. Je me sens utile\u00a0!<\/p>\n<p>[\/et_pb_text][\/et_pb_column][\/et_pb_row][\/et_pb_section]<\/p>\n","protected":false},"excerpt":{"rendered":"<p>Lors de notre premier confinement, au mois de mars, nous avions partag\u00e9 un premier aspect de notre engagement missionnaire sur notre secteur paroissial\u00a0: la participation \u00e0 l\u2019\u00e9quipe liturgique qui anime les c\u00e9l\u00e9brations eucharistiques dans villages alentours ( les p\u00e9riph\u00e9ries ). A ce moment-l\u00e0, nous avions pr\u00e9vu de continuer notre partage missionnaire chez les personnes \u00e2g\u00e9es [&hellip;]<\/p>\n","protected":false},"author":1,"featured_media":3899,"comment_status":"closed","ping_status":"closed","sticky":false,"template":"","format":"standard","meta":{"_et_pb_use_builder":"on","_et_pb_old_content":"","_et_gb_content_width":"","footnotes":""},"categories":[33],"tags":[],"class_list":["post-3902","post","type-post","status-publish","format-standard","has-post-thumbnail","hentry","category-france"],"_links":{"self":[{"href":"https:\/\/ndcompassion.com\/fr\/wp-json\/wp\/v2\/posts\/3902","targetHints":{"allow":["GET"]}}],"collection":[{"href":"https:\/\/ndcompassion.com\/fr\/wp-json\/wp\/v2\/posts"}],"about":[{"href":"https:\/\/ndcompassion.com\/fr\/wp-json\/wp\/v2\/types\/post"}],"author":[{"embeddable":true,"href":"https:\/\/ndcompassion.com\/fr\/wp-json\/wp\/v2\/users\/1"}],"replies":[{"embeddable":true,"href":"https:\/\/ndcompassion.com\/fr\/wp-json\/wp\/v2\/comments?post=3902"}],"version-history":[{"count":3,"href":"https:\/\/ndcompassion.com\/fr\/wp-json\/wp\/v2\/posts\/3902\/revisions"}],"predecessor-version":[{"id":3906,"href":"https:\/\/ndcompassion.com\/fr\/wp-json\/wp\/v2\/posts\/3902\/revisions\/3906"}],"wp:featuredmedia":[{"embeddable":true,"href":"https:\/\/ndcompassion.com\/fr\/wp-json\/wp\/v2\/media\/3899"}],"wp:attachment":[{"href":"https:\/\/ndcompassion.com\/fr\/wp-json\/wp\/v2\/media?parent=3902"}],"wp:term":[{"taxonomy":"category","embeddable":true,"href":"https:\/\/ndcompassion.com\/fr\/wp-json\/wp\/v2\/categories?post=3902"},{"taxonomy":"post_tag","embeddable":true,"href":"https:\/\/ndcompassion.com\/fr\/wp-json\/wp\/v2\/tags?post=3902"}],"curies":[{"name":"wp","href":"https:\/\/api.w.org\/{rel}","templated":true}]}}