{"id":3888,"date":"2021-05-05T21:45:20","date_gmt":"2021-05-05T20:45:20","guid":{"rendered":"https:\/\/ndcompassion.com\/?p=3888"},"modified":"2021-05-05T21:45:24","modified_gmt":"2021-05-05T20:45:24","slug":"fete-de-la-compassion-26-mars-2021-communautes-de-villaverde-casablanca-madrid","status":"publish","type":"post","link":"https:\/\/ndcompassion.com\/fr\/fete-de-la-compassion-26-mars-2021-communautes-de-villaverde-casablanca-madrid\/","title":{"rendered":"F\u00eate de la Compassion\u00a0: 26 mars 2021. Communaut\u00e9s de Villaverde-Casablanca (Madrid)"},"content":{"rendered":"<p>[et_pb_section fb_built=\u00a0\u00bb1&Prime; _builder_version=\u00a0\u00bb4.9.4&Prime; _module_preset=\u00a0\u00bbdefault\u00a0\u00bb][et_pb_row _builder_version=\u00a0\u00bb4.9.4&Prime; _module_preset=\u00a0\u00bbdefault\u00a0\u00bb][et_pb_column _builder_version=\u00a0\u00bb4.9.4&Prime; _module_preset=\u00a0\u00bbdefault\u00a0\u00bb type=\u00a0\u00bb4_4&Prime;][et_pb_text _builder_version=\u00a0\u00bb4.9.4&Prime; _module_preset=\u00a0\u00bbdefault\u00a0\u00bb hover_enabled=\u00a0\u00bb0&Prime; sticky_enabled=\u00a0\u00bb0&Prime;]<\/p>\n<p style=\"text-align: justify;\">Apr\u00e8s plus d&rsquo;un an de cette situation pand\u00e9mique, \u00e0 laquelle nous n&rsquo;\u00e9tions pas habitu\u00e9es, des initiatives simples, par lesquelles nous avons pu vivre la proximit\u00e9, la fraternit\u00e9 et la c\u00e9l\u00e9bration, se sont mises en place.<\/p>\n<p style=\"text-align: justify;\">Maria, une la\u00efque travaillant dans la communaut\u00e9, et Laura, th\u00e9rapeute de la r\u00e9sidence Casablanca, ont donn\u00e9 de leur temps afin de rendre possible la c\u00e9l\u00e9bration de l\u2019Eucharistie \u00ab\u00a0connect\u00e9es\u00a0\u00bb dans un format <i>on line<\/i>. Nous \u00e9tions toutes ravies de nous retrouver \u00ab\u00a0ensemble\u00a0\u00bb.<\/p>\n<p>[\/et_pb_text][\/et_pb_column][\/et_pb_row][et_pb_row _builder_version=\u00a0\u00bb4.9.4&Prime; _module_preset=\u00a0\u00bbdefault\u00a0\u00bb][et_pb_column _builder_version=\u00a0\u00bb4.9.4&Prime; _module_preset=\u00a0\u00bbdefault\u00a0\u00bb type=\u00a0\u00bb4_4&Prime;][et_pb_video _builder_version=\u00a0\u00bb4.9.4&Prime; _module_preset=\u00a0\u00bbdefault\u00a0\u00bb src=\u00a0\u00bbhttps:\/\/youtu.be\/PcarCQjx3h8&Prime; hover_enabled=\u00a0\u00bb0&Prime; sticky_enabled=\u00a0\u00bb0&Prime;][\/et_pb_video][\/et_pb_column][\/et_pb_row][et_pb_row _builder_version=\u00a0\u00bb4.9.4&Prime; _module_preset=\u00a0\u00bbdefault\u00a0\u00bb][et_pb_column _builder_version=\u00a0\u00bb4.9.4&Prime; _module_preset=\u00a0\u00bbdefault\u00a0\u00bb type=\u00a0\u00bb4_4&Prime;][et_pb_text _builder_version=\u00a0\u00bb4.9.4&Prime; _module_preset=\u00a0\u00bbdefault\u00a0\u00bb hover_enabled=\u00a0\u00bb0&Prime; sticky_enabled=\u00a0\u00bb0&Prime;]<\/p>\n<p style=\"text-align: justify;\">Pour c\u00e9l\u00e9brer l\u2019Eucharistie nous sommes retrouv\u00e9es autour de ce th\u00e8me central\u00a0: <strong>\u00ab\u00a0STABAT MATER DOLOROSA IUXTA CRUCEM LACRIMOSA\u00a0\u00bb<\/strong>. Pour l\u2019illustrer, deux plateaux contenant de la terre ont \u00e9t\u00e9 r\u00e9alis\u00e9s et dans lesquels ont \u00e9t\u00e9 plant\u00e9es 15 et 18 croix. Chaque plateau repr\u00e9sentait les s\u0153urs de chacun des deux endroits. Pendant longtemps, nous avons v\u00e9cu \u00ab\u00a0\u00e0 c\u00f4t\u00e9 de la <em>\u00ab\u00a0croix des autres\u00a0\u00bb pour qu&rsquo;ils puissent la porter<\/em>.<\/p>\n<p style=\"text-align: justify;\">Cette attitude n&rsquo;a pas cess\u00e9, mais quelque chose s\u2019est ajout\u00e9 avec l\u2019\u00e2ge\u00a0: la croix de sant\u00e9 fragile et de manque de force que nous portons. Nous sommes toutes porteuse d\u2019une croix et, en la portant comme Marie, nous aidons les autres \u00e0 porter la leur. Dans l&rsquo;\u00c9vangile, seul parle celui qui meurt et qui donne tout aux autres. Ce moment est si sacr\u00e9 qu&rsquo;il ne peut \u00eatre compris que dans le SILENCE de l&rsquo;amour et de l&rsquo;abandon. Celui qui nous aime parle et agit. Et ceux qui dans le SILENCE sont IUXTA CRUCEM l&rsquo;\u00e9coutent et apprennent.<\/p>\n<p style=\"text-align: justify;\">Merche Ginel<\/p>\n<p>[\/et_pb_text][\/et_pb_column][\/et_pb_row][\/et_pb_section]<\/p>\n","protected":false},"excerpt":{"rendered":"<p>Apr\u00e8s plus d&rsquo;un an de cette situation pand\u00e9mique, \u00e0 laquelle nous n&rsquo;\u00e9tions pas habitu\u00e9es, des initiatives simples, par lesquelles nous avons pu vivre la proximit\u00e9, la fraternit\u00e9 et la c\u00e9l\u00e9bration, se sont mises en place. Maria, une la\u00efque travaillant dans la communaut\u00e9, et Laura, th\u00e9rapeute de la r\u00e9sidence Casablanca, ont donn\u00e9 de leur temps afin [&hellip;]<\/p>\n","protected":false},"author":1,"featured_media":3885,"comment_status":"closed","ping_status":"closed","sticky":false,"template":"","format":"standard","meta":{"_et_pb_use_builder":"on","_et_pb_old_content":"","_et_gb_content_width":"","footnotes":""},"categories":[30],"tags":[70],"class_list":["post-3888","post","type-post","status-publish","format-standard","has-post-thumbnail","hentry","category-espagne","tag-compassion"],"_links":{"self":[{"href":"https:\/\/ndcompassion.com\/fr\/wp-json\/wp\/v2\/posts\/3888","targetHints":{"allow":["GET"]}}],"collection":[{"href":"https:\/\/ndcompassion.com\/fr\/wp-json\/wp\/v2\/posts"}],"about":[{"href":"https:\/\/ndcompassion.com\/fr\/wp-json\/wp\/v2\/types\/post"}],"author":[{"embeddable":true,"href":"https:\/\/ndcompassion.com\/fr\/wp-json\/wp\/v2\/users\/1"}],"replies":[{"embeddable":true,"href":"https:\/\/ndcompassion.com\/fr\/wp-json\/wp\/v2\/comments?post=3888"}],"version-history":[{"count":3,"href":"https:\/\/ndcompassion.com\/fr\/wp-json\/wp\/v2\/posts\/3888\/revisions"}],"predecessor-version":[{"id":3892,"href":"https:\/\/ndcompassion.com\/fr\/wp-json\/wp\/v2\/posts\/3888\/revisions\/3892"}],"wp:featuredmedia":[{"embeddable":true,"href":"https:\/\/ndcompassion.com\/fr\/wp-json\/wp\/v2\/media\/3885"}],"wp:attachment":[{"href":"https:\/\/ndcompassion.com\/fr\/wp-json\/wp\/v2\/media?parent=3888"}],"wp:term":[{"taxonomy":"category","embeddable":true,"href":"https:\/\/ndcompassion.com\/fr\/wp-json\/wp\/v2\/categories?post=3888"},{"taxonomy":"post_tag","embeddable":true,"href":"https:\/\/ndcompassion.com\/fr\/wp-json\/wp\/v2\/tags?post=3888"}],"curies":[{"name":"wp","href":"https:\/\/api.w.org\/{rel}","templated":true}]}}