{"id":3728,"date":"2021-02-25T00:10:23","date_gmt":"2021-02-24T23:10:23","guid":{"rendered":"https:\/\/ndcompassion.com\/?p=3728"},"modified":"2021-02-25T01:42:40","modified_gmt":"2021-02-25T00:42:40","slug":"communaute-dalianza-saint-sebastien","status":"publish","type":"post","link":"https:\/\/ndcompassion.com\/fr\/communaute-dalianza-saint-sebastien\/","title":{"rendered":"Communaut\u00e9 D\u2019Alianza (Saint-S\u00e9bastien)"},"content":{"rendered":"<p>[et_pb_section fb_built=\u00a0\u00bb1&Prime; _builder_version=\u00a0\u00bb4.6.5&Prime; _module_preset=\u00a0\u00bbdefault\u00a0\u00bb][et_pb_row _builder_version=\u00a0\u00bb4.6.5&Prime; _module_preset=\u00a0\u00bbdefault\u00a0\u00bb][et_pb_column type=\u00a0\u00bb4_4&Prime; _builder_version=\u00a0\u00bb4.6.5&Prime; _module_preset=\u00a0\u00bbdefault\u00a0\u00bb][et_pb_text _builder_version=\u00a0\u00bb4.6.5&Prime; _module_preset=\u00a0\u00bbdefault\u00a0\u00bb]<\/p>\n<p style=\"text-align: justify;\">En ces temps actuels o\u00f9 le virus de la Covid-19 ne laisse pas beaucoup de place pour des activit\u00e9s b\u00e9n\u00e9voles \u00e0 l&rsquo;ext\u00e9rieur, nous pouvons tout de m\u00eame, au sein de la Communaut\u00e9 Alianza d&rsquo;Ategorrieta, continuer d\u2019accompagner trois femmes de la Fondation Gizaide, qui ont d\u00e9cid\u00e9 de d\u00e9fier les circonstances et qui gardent une r\u00e9elle autonomie dans leur prise de d\u00e9cision et la responsabilit\u00e9 de leur propre chemin de vie, mais qui ont toutefois besoin que l\u2019on garde un \u0153il sur leurs conditions physiques.<\/p>\n<p>[\/et_pb_text][\/et_pb_column][\/et_pb_row][et_pb_row column_structure=\u00a0\u00bb1_3,1_3,1_3&Prime; _builder_version=\u00a0\u00bb4.6.5&Prime; _module_preset=\u00a0\u00bbdefault\u00a0\u00bb][et_pb_column type=\u00a0\u00bb1_3&Prime; _builder_version=\u00a0\u00bb4.6.5&Prime; _module_preset=\u00a0\u00bbdefault\u00a0\u00bb][et_pb_image src=\u00a0\u00bbhttps:\/\/ndcompassion.com\/wp-content\/uploads\/2021\/02\/ComunidadAlianza01_800.jpg\u00a0\u00bb alt=\u00a0\u00bbComunidad de Alianza\u00a0\u00bb title_text=\u00a0\u00bbComunidadAlianza01_800&Prime; _builder_version=\u00a0\u00bb4.6.5&Prime; _module_preset=\u00a0\u00bbdefault\u00a0\u00bb animation_style=\u00a0\u00bbslide\u00a0\u00bb][\/et_pb_image][\/et_pb_column][et_pb_column type=\u00a0\u00bb1_3&Prime; _builder_version=\u00a0\u00bb4.6.5&Prime; _module_preset=\u00a0\u00bbdefault\u00a0\u00bb][et_pb_image src=\u00a0\u00bbhttps:\/\/ndcompassion.com\/wp-content\/uploads\/2021\/02\/ComunidadAlianza02_800.jpg\u00a0\u00bb alt=\u00a0\u00bbComunidad de Alianza\u00a0\u00bb title_text=\u00a0\u00bbComunidadAlianza02_800&Prime; _builder_version=\u00a0\u00bb4.6.5&Prime; _module_preset=\u00a0\u00bbdefault\u00a0\u00bb animation_style=\u00a0\u00bbslide\u00a0\u00bb][\/et_pb_image][\/et_pb_column][et_pb_column type=\u00a0\u00bb1_3&Prime; _builder_version=\u00a0\u00bb4.6.5&Prime; _module_preset=\u00a0\u00bbdefault\u00a0\u00bb][et_pb_image src=\u00a0\u00bbhttps:\/\/ndcompassion.com\/wp-content\/uploads\/2021\/02\/ComunidadAlianza03_800.jpg\u00a0\u00bb alt=\u00a0\u00bbComunidad de Alianza\u00a0\u00bb title_text=\u00a0\u00bbComunidadAlianza03_800&Prime; _builder_version=\u00a0\u00bb4.6.5&Prime; _module_preset=\u00a0\u00bbdefault\u00a0\u00bb animation_style=\u00a0\u00bbslide\u00a0\u00bb][\/et_pb_image][\/et_pb_column][\/et_pb_row][et_pb_row _builder_version=\u00a0\u00bb4.6.5&Prime; _module_preset=\u00a0\u00bbdefault\u00a0\u00bb][et_pb_column type=\u00a0\u00bb4_4&Prime; _builder_version=\u00a0\u00bb4.6.5&Prime; _module_preset=\u00a0\u00bbdefault\u00a0\u00bb][et_pb_text _builder_version=\u00a0\u00bb4.6.5&Prime; _module_preset=\u00a0\u00bbdefault\u00a0\u00bb]<\/p>\n<p style=\"text-align: justify;\">Ces trois femmes vivent dans un appartement, dans la vieille ville.<\/p>\n<p style=\"text-align: justify;\">Quatre jours par semaine et avant de se rendre dans les diff\u00e9rents lieux o\u00f9 elles exercent des activit\u00e9s professionnelles\u00a0: Accueil de jour d&rsquo;Ategorrieta, AGIFES (centre sp\u00e9cialis\u00e9 dans les maladies mentales) et le Centre Sp\u00e9cial d&rsquo;Emploi en Blanchisserie de Txara II. Nous, s\u0153urs de la Communaut\u00e9, leur rendons visite et regardons si elles ont pu se reposer, si elles ont pris leurs m\u00e9dicaments, si elles s\u2019alimentent correctement, leur mani\u00e8re de r\u00e9aliser leurs t\u00e2ches m\u00e9nag\u00e8res, leurs consultations m\u00e9dicales et le programme de la journ\u00e9e, dans leur accueil de jour et leurs centres de travail.<\/p>\n<p style=\"text-align: justify;\">Nous rencontrons r\u00e9guli\u00e8rement le psychologue de la Fondation, qui se rend \u00e9galement une fois par semaine \u00e0 leur appartement pour que nous puissions nous coordonner dans cet accompagnement.<\/p>\n<p>[\/et_pb_text][\/et_pb_column][\/et_pb_row][\/et_pb_section]<\/p>\n","protected":false},"excerpt":{"rendered":"<p>En ces temps actuels o\u00f9 le virus de la Covid-19 ne laisse pas beaucoup de place pour des activit\u00e9s b\u00e9n\u00e9voles \u00e0 l&rsquo;ext\u00e9rieur, nous pouvons tout de m\u00eame, au sein de la Communaut\u00e9 Alianza d&rsquo;Ategorrieta, continuer d\u2019accompagner trois femmes de la Fondation Gizaide, qui ont d\u00e9cid\u00e9 de d\u00e9fier les circonstances et qui gardent une r\u00e9elle autonomie [&hellip;]<\/p>\n","protected":false},"author":1,"featured_media":3717,"comment_status":"closed","ping_status":"closed","sticky":false,"template":"","format":"standard","meta":{"_et_pb_use_builder":"on","_et_pb_old_content":"","_et_gb_content_width":"","footnotes":""},"categories":[55],"tags":[110],"class_list":["post-3728","post","type-post","status-publish","format-standard","has-post-thumbnail","hentry","category-congregation","tag-communaute-dalianza"],"_links":{"self":[{"href":"https:\/\/ndcompassion.com\/fr\/wp-json\/wp\/v2\/posts\/3728","targetHints":{"allow":["GET"]}}],"collection":[{"href":"https:\/\/ndcompassion.com\/fr\/wp-json\/wp\/v2\/posts"}],"about":[{"href":"https:\/\/ndcompassion.com\/fr\/wp-json\/wp\/v2\/types\/post"}],"author":[{"embeddable":true,"href":"https:\/\/ndcompassion.com\/fr\/wp-json\/wp\/v2\/users\/1"}],"replies":[{"embeddable":true,"href":"https:\/\/ndcompassion.com\/fr\/wp-json\/wp\/v2\/comments?post=3728"}],"version-history":[{"count":4,"href":"https:\/\/ndcompassion.com\/fr\/wp-json\/wp\/v2\/posts\/3728\/revisions"}],"predecessor-version":[{"id":3733,"href":"https:\/\/ndcompassion.com\/fr\/wp-json\/wp\/v2\/posts\/3728\/revisions\/3733"}],"wp:featuredmedia":[{"embeddable":true,"href":"https:\/\/ndcompassion.com\/fr\/wp-json\/wp\/v2\/media\/3717"}],"wp:attachment":[{"href":"https:\/\/ndcompassion.com\/fr\/wp-json\/wp\/v2\/media?parent=3728"}],"wp:term":[{"taxonomy":"category","embeddable":true,"href":"https:\/\/ndcompassion.com\/fr\/wp-json\/wp\/v2\/categories?post=3728"},{"taxonomy":"post_tag","embeddable":true,"href":"https:\/\/ndcompassion.com\/fr\/wp-json\/wp\/v2\/tags?post=3728"}],"curies":[{"name":"wp","href":"https:\/\/api.w.org\/{rel}","templated":true}]}}