{"id":3613,"date":"2020-11-12T01:58:09","date_gmt":"2020-11-12T00:58:09","guid":{"rendered":"https:\/\/ndcompassion.com\/?p=3613"},"modified":"2020-11-12T01:58:13","modified_gmt":"2020-11-12T00:58:13","slug":"communaute-de-soeurs-compatissantes-a-dos-hermanas-seville-espagne","status":"publish","type":"post","link":"https:\/\/ndcompassion.com\/fr\/communaute-de-soeurs-compatissantes-a-dos-hermanas-seville-espagne\/","title":{"rendered":"Communaut\u00e9 de S\u0153urs Compatissantes a Dos Hermanas, S\u00e9ville (Espagne)"},"content":{"rendered":"<p>[et_pb_section fb_built=\u00a0\u00bb1&Prime; _builder_version=\u00a0\u00bb4.6.5&Prime; _module_preset=\u00a0\u00bbdefault\u00a0\u00bb][et_pb_row _builder_version=\u00a0\u00bb4.6.5&Prime; _module_preset=\u00a0\u00bbdefault\u00a0\u00bb column_structure=\u00a0\u00bb2_3,1_3&Prime;][et_pb_column _builder_version=\u00a0\u00bb4.6.5&Prime; _module_preset=\u00a0\u00bbdefault\u00a0\u00bb type=\u00a0\u00bb2_3&Prime;][et_pb_text _builder_version=\u00a0\u00bb4.6.5&Prime; _module_preset=\u00a0\u00bbdefault\u00a0\u00bb hover_enabled=\u00a0\u00bb0&Prime; sticky_enabled=\u00a0\u00bb0&Prime;]<\/p>\n<p style=\"text-align: justify;\">Notre communaut\u00e9 de s\u0153urs vit dans l\u2019enceinte d\u2019une \u00e9cole.<\/p>\n<p style=\"text-align: justify;\">Nous nous impliquons dans les diff\u00e9rentes activit\u00e9s dirig\u00e9es par l&rsquo;\u00e9tablissement, ainsi que dans sa Fondation Compassionniste.<\/p>\n<p style=\"text-align: justify;\">Le dernier jour de l&rsquo;ann\u00e9e scolaire, nous avons pr\u00e9par\u00e9 la pri\u00e8re du matin, \u00e0 laquelle a particip\u00e9 la communaut\u00e9 \u00e9ducative.<\/p>\n<p style=\"text-align: justify;\">L&rsquo;\u00c9vangile selon Matthieu 11,25-30, contenait TROIS APPELS DE J\u00c9SUS :<\/p>\n<ul style=\"text-align: justify;\">\n<li>\u00ab Venez \u00e0 moi, vous qui \u00eates fatigu\u00e9s et charg\u00e9s, et je vous donnerai du repos.\u00bb<\/li>\n<\/ul>\n<p>[\/et_pb_text][\/et_pb_column][et_pb_column _builder_version=\u00a0\u00bb4.6.5&Prime; _module_preset=\u00a0\u00bbdefault\u00a0\u00bb type=\u00a0\u00bb1_3&Prime;][et_pb_image _builder_version=\u00a0\u00bb4.6.5&Prime; _module_preset=\u00a0\u00bbdefault\u00a0\u00bb alt=\u00a0\u00bbComunidad de Dos Hermanas\u00a0\u00bb title_text=\u00a0\u00bbDosHermanas02_800&Prime; src=\u00a0\u00bbhttps:\/\/ndcompassion.com\/wp-content\/uploads\/2020\/11\/DosHermanas02_800.jpg\u00a0\u00bb hover_enabled=\u00a0\u00bb0&Prime; sticky_enabled=\u00a0\u00bb0&Prime;][\/et_pb_image][\/et_pb_column][\/et_pb_row][et_pb_row _builder_version=\u00a0\u00bb4.6.5&Prime; _module_preset=\u00a0\u00bbdefault\u00a0\u00bb vertical_offset=\u00a0\u00bb-32px\u00a0\u00bb hover_enabled=\u00a0\u00bb0&Prime; sticky_enabled=\u00a0\u00bb0&Prime;][et_pb_column _builder_version=\u00a0\u00bb4.6.5&Prime; _module_preset=\u00a0\u00bbdefault\u00a0\u00bb type=\u00a0\u00bb4_4&Prime;][et_pb_text _builder_version=\u00a0\u00bb4.6.5&Prime; _module_preset=\u00a0\u00bbdefault\u00a0\u00bb hover_enabled=\u00a0\u00bb0&Prime; sticky_enabled=\u00a0\u00bb0&Prime;]<\/p>\n<ul style=\"text-align: justify;\">\n<li>\u00ab Prenez mon joug sur vous, car il est facile \u00e0 porter, et mon fardeau est l\u00e9ger. \u00bb<\/li>\n<li>\u00ab Recevez mes instructions, car je suis doux et humble de c\u0153ur, et vous trouverez du repos pour vos \u00e2mes. \u00bb<\/li>\n<\/ul>\n<p style=\"text-align: justify;\">Spontan\u00e9ment, nous avons \u00e9galement particip\u00e9 et partag\u00e9 notre action de gr\u00e2ce pour les moments v\u00e9cus pendant les cours.<\/p>\n<p style=\"text-align: justify;\">Le petit d\u00e9jeuner s&rsquo;est poursuivi dans la m\u00eame dynamique de communication, de coexistence tr\u00e8s agr\u00e9able.<\/p>\n<p style=\"text-align: justify;\">La pand\u00e9mie a encore plus aggrav\u00e9 les besoins fondamentaux de certaines familles.<\/p>\n<p style=\"text-align: justify;\">La Fondation Compassionniste s\u2019est investie et nous-m\u00eame, la communaut\u00e9, avons \u00e9galement collabor\u00e9 durant cette p\u00e9riode : sur le plan \u00e9conomique et dans la distribution de nourriture.<\/p>\n<p style=\"text-align: justify;\">Du 15 mai au 15 juillet, une fois par semaine, le mercredi apr\u00e8s-midi, deux sacs de nourriture de tous types ont \u00e9t\u00e9 livr\u00e9s. Chaque semaine, la nourriture \u00e9tait diff\u00e9rente.<\/p>\n<p style=\"text-align: justify;\">Les membres de la Fondation \u00e9taient charg\u00e9s d&rsquo;acheter et de collecter les denr\u00e9es et de g\u00e9rer les besoins de chaque famille.<\/p>\n<p style=\"text-align: justify;\">Le mercredi, chaque famille b\u00e9n\u00e9ficiaire \u00e9tait accueillie et les sacs leur \u00e9taient remis.<\/p>\n<p style=\"text-align: justify;\">Toutes ces familles ont ensuite exprim\u00e9 leur gratitude \u00e0 la Fondation Compassionniste.<\/p>\n<p>[\/et_pb_text][\/et_pb_column][\/et_pb_row][\/et_pb_section]<\/p>\n","protected":false},"excerpt":{"rendered":"<p>Notre communaut\u00e9 de s\u0153urs vit dans l\u2019enceinte d\u2019une \u00e9cole. Nous nous impliquons dans les diff\u00e9rentes activit\u00e9s dirig\u00e9es par l&rsquo;\u00e9tablissement, ainsi que dans sa Fondation Compassionniste. Le dernier jour de l&rsquo;ann\u00e9e scolaire, nous avons pr\u00e9par\u00e9 la pri\u00e8re du matin, \u00e0 laquelle a particip\u00e9 la communaut\u00e9 \u00e9ducative. L&rsquo;\u00c9vangile selon Matthieu 11,25-30, contenait TROIS APPELS DE J\u00c9SUS : [&hellip;]<\/p>\n","protected":false},"author":1,"featured_media":3604,"comment_status":"closed","ping_status":"closed","sticky":false,"template":"","format":"standard","meta":{"_et_pb_use_builder":"on","_et_pb_old_content":"","_et_gb_content_width":"","footnotes":""},"categories":[30],"tags":[],"class_list":["post-3613","post","type-post","status-publish","format-standard","has-post-thumbnail","hentry","category-espagne"],"_links":{"self":[{"href":"https:\/\/ndcompassion.com\/fr\/wp-json\/wp\/v2\/posts\/3613","targetHints":{"allow":["GET"]}}],"collection":[{"href":"https:\/\/ndcompassion.com\/fr\/wp-json\/wp\/v2\/posts"}],"about":[{"href":"https:\/\/ndcompassion.com\/fr\/wp-json\/wp\/v2\/types\/post"}],"author":[{"embeddable":true,"href":"https:\/\/ndcompassion.com\/fr\/wp-json\/wp\/v2\/users\/1"}],"replies":[{"embeddable":true,"href":"https:\/\/ndcompassion.com\/fr\/wp-json\/wp\/v2\/comments?post=3613"}],"version-history":[{"count":5,"href":"https:\/\/ndcompassion.com\/fr\/wp-json\/wp\/v2\/posts\/3613\/revisions"}],"predecessor-version":[{"id":3619,"href":"https:\/\/ndcompassion.com\/fr\/wp-json\/wp\/v2\/posts\/3613\/revisions\/3619"}],"wp:featuredmedia":[{"embeddable":true,"href":"https:\/\/ndcompassion.com\/fr\/wp-json\/wp\/v2\/media\/3604"}],"wp:attachment":[{"href":"https:\/\/ndcompassion.com\/fr\/wp-json\/wp\/v2\/media?parent=3613"}],"wp:term":[{"taxonomy":"category","embeddable":true,"href":"https:\/\/ndcompassion.com\/fr\/wp-json\/wp\/v2\/categories?post=3613"},{"taxonomy":"post_tag","embeddable":true,"href":"https:\/\/ndcompassion.com\/fr\/wp-json\/wp\/v2\/tags?post=3613"}],"curies":[{"name":"wp","href":"https:\/\/api.w.org\/{rel}","templated":true}]}}