{"id":3589,"date":"2020-10-29T13:54:20","date_gmt":"2020-10-29T12:54:20","guid":{"rendered":"https:\/\/ndcompassion.com\/?p=3589"},"modified":"2020-10-29T13:54:25","modified_gmt":"2020-10-29T12:54:25","slug":"celebration-de-notre-dame-des-douleurs-15-09-2020","status":"publish","type":"post","link":"https:\/\/ndcompassion.com\/fr\/celebration-de-notre-dame-des-douleurs-15-09-2020\/","title":{"rendered":"C\u00e9l\u00e9bration de Notre Dame des Douleurs, 15-09-2020"},"content":{"rendered":"<p>[et_pb_section fb_built=\u00a0\u00bb1&Prime; _builder_version=\u00a0\u00bb4.6.5&Prime; _module_preset=\u00a0\u00bbdefault\u00a0\u00bb][et_pb_row _builder_version=\u00a0\u00bb4.6.5&Prime; _module_preset=\u00a0\u00bbdefault\u00a0\u00bb][et_pb_column _builder_version=\u00a0\u00bb4.6.5&Prime; _module_preset=\u00a0\u00bbdefault\u00a0\u00bb type=\u00a0\u00bb4_4&Prime;][et_pb_text _builder_version=\u00a0\u00bb4.6.5&Prime; _module_preset=\u00a0\u00bbdefault\u00a0\u00bb hover_enabled=\u00a0\u00bb0&Prime; sticky_enabled=\u00a0\u00bb0&Prime;]<\/p>\n<p style=\"text-align: justify;\">Nous avons c\u00e9l\u00e9br\u00e9, au sein de la communaut\u00e9 de Villaverde, la f\u00eate de Notre-Dame des Douleurs, \u00ab\u00a0comme Dieu l&rsquo;a voulu\u00a0\u00bb et avec la pr\u00e9sence du beau temps. La messe s\u2019est d\u00e9roul\u00e9e dans la cour-jardin, le lieu le plus sain. Pour beaucoup de s\u0153urs, cela faisait longtemps qu\u2019une c\u00e9l\u00e9bration ne s\u2019\u00e9tait pas faite sous la direction d\u2019un pr\u00eatre en chair et en os.<\/p>\n<p style=\"text-align: justify;\">Le moment \u201csp\u00e9cial\u201d eut lieu \u00e0 la fin de l\u2019hom\u00e9lie lorsque les noms de chacune des membres de la communaut\u00e9 ont \u00e9t\u00e9 plant\u00e9s dans un pot pour nous rappeler que, aujourd\u2019hui, nous sommes les femmes appel\u00e9es \u00e0 \u00eatre au pied de la Croix. Cette pr\u00e9sence, dans la majorit\u00e9 des cas, ne signifie plus faire et accompagner les autres \u201cavec beaucoup d\u2019activit\u00e9\u201d mais <strong>\u00eatre, avec la conscience que c\u2019est nous qui sommes crucifi\u00e9es, du fait de notre \u00e2ge, notre sant\u00e9 fragile ou de nos situations personnelles. Il faut savoir \u00eatre devant NOTRE PROPRE CROIX ET AVEC NOTRE PROPRE CROIX, ENSEMBLE AVEC LES AUTRES CROIX DES S\u0152URS. Notre fa\u00e7on d\u2019\u00eatre ne peut \u00eatre que MARIALE, comme celle de la M\u00e8re s\u2019unissant au fils qui se laisse tuer et qui accepte sa douleur unie \u00e0 l\u2019abandon de son fils. <\/strong><\/p>\n<p>[\/et_pb_text][\/et_pb_column][\/et_pb_row][et_pb_row _builder_version=\u00a0\u00bb4.6.5&Prime; _module_preset=\u00a0\u00bbdefault\u00a0\u00bb column_structure=\u00a0\u00bb3_5,2_5&Prime; vertical_offset=\u00a0\u00bb-16px\u00a0\u00bb hover_enabled=\u00a0\u00bb0&Prime; sticky_enabled=\u00a0\u00bb0&Prime;][et_pb_column _builder_version=\u00a0\u00bb4.6.5&Prime; _module_preset=\u00a0\u00bbdefault\u00a0\u00bb type=\u00a0\u00bb3_5&Prime;][et_pb_text _builder_version=\u00a0\u00bb4.6.5&Prime; _module_preset=\u00a0\u00bbdefault\u00a0\u00bb hover_enabled=\u00a0\u00bb0&Prime; sticky_enabled=\u00a0\u00bb0&Prime;]<\/p>\n<p style=\"text-align: justify;\">La vie est faite d\u2019\u00e9tapes. Parfois, nous avons \u00e9t\u00e9 celles qui \u00e9taient pr\u00e9sentes et qui agissaient pour aider les autres \u00e0 porter leur croix et leur douleur. Aujourd\u2019hui, nous donnons un exemple de maturit\u00e9, d\u2019une vie accept\u00e9e et livr\u00e9e \u00e0 la situation pr\u00e9sente. Ainsi nous comprenons et nous nous approprions la douleur des crucifi\u00e9s et crucifi\u00e9es qui vivent souvent \u201cen marge de la Croix\u201d, mais<\/p>\n<p>[\/et_pb_text][\/et_pb_column][et_pb_column _builder_version=\u00a0\u00bb4.6.5&Prime; _module_preset=\u00a0\u00bbdefault\u00a0\u00bb type=\u00a0\u00bb2_5&Prime;][et_pb_image _builder_version=\u00a0\u00bb4.6.5&Prime; _module_preset=\u00a0\u00bbdefault\u00a0\u00bb alt=\u00a0\u00bbCelebraci\u00f3n en Villaverde\u00a0\u00bb title_text=\u00a0\u00bbCelbracionVillaverde01_800&Prime; src=\u00a0\u00bbhttps:\/\/ndcompassion.com\/wp-content\/uploads\/2020\/10\/CelbracionVillaverde01_800.jpg\u00a0\u00bb animation_style=\u00a0\u00bbslide\u00a0\u00bb hover_enabled=\u00a0\u00bb0&Prime; sticky_enabled=\u00a0\u00bb0&Prime;][\/et_pb_image][\/et_pb_column][\/et_pb_row][et_pb_row _builder_version=\u00a0\u00bb4.6.5&Prime; _module_preset=\u00a0\u00bbdefault\u00a0\u00bb hover_enabled=\u00a0\u00bb0&Prime; sticky_enabled=\u00a0\u00bb0&Prime; vertical_offset=\u00a0\u00bb-32px\u00a0\u00bb][et_pb_column _builder_version=\u00a0\u00bb4.6.5&Prime; _module_preset=\u00a0\u00bbdefault\u00a0\u00bb type=\u00a0\u00bb4_4&Prime;][et_pb_text _builder_version=\u00a0\u00bb4.6.5&Prime; _module_preset=\u00a0\u00bbdefault\u00a0\u00bb hover_enabled=\u00a0\u00bb0&Prime; sticky_enabled=\u00a0\u00bb0&Prime;]<\/p>\n<p>pas en marge de l\u2019amour de Dieu. Ou, plus simplement, la Croix o\u00f9 se trouve le Seigneur, et sa m\u00e8re, repr\u00e9sentent la \u201cvie crucifi\u00e9e de tout \u00eatre crucifi\u00e9\u201d<\/p>\n<p>Tout au long de l&rsquo;ann\u00e9e, sur l&rsquo;autel de la communaut\u00e9, nos noms resteront plant\u00e9s et d\u00e9pos\u00e9s au pied de la Croix, nous rappelant quelle est notre place et nous \u00ab\u00a0parlant\u00a0\u00bb de la mani\u00e8re de faire partie de la Croix. <strong>Marie reste un mod\u00e8le et une source de savoir-\u00eatre.<\/strong><\/p>\n<p style=\"text-align: right;\">Merche Ginel<\/p>\n<p>[\/et_pb_text][\/et_pb_column][\/et_pb_row][\/et_pb_section]<\/p>\n","protected":false},"excerpt":{"rendered":"<p>Nous avons c\u00e9l\u00e9br\u00e9, au sein de la communaut\u00e9 de Villaverde, la f\u00eate de Notre-Dame des Douleurs, \u00ab\u00a0comme Dieu l&rsquo;a voulu\u00a0\u00bb et avec la pr\u00e9sence du beau temps. La messe s\u2019est d\u00e9roul\u00e9e dans la cour-jardin, le lieu le plus sain. Pour beaucoup de s\u0153urs, cela faisait longtemps qu\u2019une c\u00e9l\u00e9bration ne s\u2019\u00e9tait pas faite sous la direction [&hellip;]<\/p>\n","protected":false},"author":1,"featured_media":3574,"comment_status":"closed","ping_status":"closed","sticky":false,"template":"","format":"standard","meta":{"_et_pb_use_builder":"on","_et_pb_old_content":"","_et_gb_content_width":"","footnotes":""},"categories":[30],"tags":[],"class_list":["post-3589","post","type-post","status-publish","format-standard","has-post-thumbnail","hentry","category-espagne"],"_links":{"self":[{"href":"https:\/\/ndcompassion.com\/fr\/wp-json\/wp\/v2\/posts\/3589","targetHints":{"allow":["GET"]}}],"collection":[{"href":"https:\/\/ndcompassion.com\/fr\/wp-json\/wp\/v2\/posts"}],"about":[{"href":"https:\/\/ndcompassion.com\/fr\/wp-json\/wp\/v2\/types\/post"}],"author":[{"embeddable":true,"href":"https:\/\/ndcompassion.com\/fr\/wp-json\/wp\/v2\/users\/1"}],"replies":[{"embeddable":true,"href":"https:\/\/ndcompassion.com\/fr\/wp-json\/wp\/v2\/comments?post=3589"}],"version-history":[{"count":7,"href":"https:\/\/ndcompassion.com\/fr\/wp-json\/wp\/v2\/posts\/3589\/revisions"}],"predecessor-version":[{"id":3597,"href":"https:\/\/ndcompassion.com\/fr\/wp-json\/wp\/v2\/posts\/3589\/revisions\/3597"}],"wp:featuredmedia":[{"embeddable":true,"href":"https:\/\/ndcompassion.com\/fr\/wp-json\/wp\/v2\/media\/3574"}],"wp:attachment":[{"href":"https:\/\/ndcompassion.com\/fr\/wp-json\/wp\/v2\/media?parent=3589"}],"wp:term":[{"taxonomy":"category","embeddable":true,"href":"https:\/\/ndcompassion.com\/fr\/wp-json\/wp\/v2\/categories?post=3589"},{"taxonomy":"post_tag","embeddable":true,"href":"https:\/\/ndcompassion.com\/fr\/wp-json\/wp\/v2\/tags?post=3589"}],"curies":[{"name":"wp","href":"https:\/\/api.w.org\/{rel}","templated":true}]}}