{"id":3490,"date":"2020-09-11T13:01:00","date_gmt":"2020-09-11T12:01:00","guid":{"rendered":"https:\/\/ndcompassion.com\/?p=3490"},"modified":"2020-09-11T13:01:04","modified_gmt":"2020-09-11T12:01:04","slug":"la-communaute-de-villaverde-madrid-partage-avec-vous","status":"publish","type":"post","link":"https:\/\/ndcompassion.com\/fr\/la-communaute-de-villaverde-madrid-partage-avec-vous\/","title":{"rendered":"La Communaut\u00e9 de Villaverde (Madrid) partage avec vous"},"content":{"rendered":"<p>[et_pb_section fb_built=\u00a0\u00bb1&Prime; _builder_version=\u00a0\u00bb4.4.2&Prime;][et_pb_row _builder_version=\u00a0\u00bb4.4.2&Prime; column_structure=\u00a0\u00bb3_5,2_5&Prime;][et_pb_column _builder_version=\u00a0\u00bb4.4.2&Prime; type=\u00a0\u00bb3_5&Prime;][et_pb_text _builder_version=\u00a0\u00bb4.4.2&Prime; hover_enabled=\u00a0\u00bb0&Prime;]<\/p>\n<p style=\"text-align: justify;\">Quand vous lirez ces lignes, nous serons dans une situation qui sera meilleure ou peut-\u00eatre pire&#8230; Nous ne savons pas comment la COVID-19 va \u00e9voluer, la science ne connaissant toujours pas son comportement.<\/p>\n<p style=\"text-align: justify;\">Je vous fais un peu part de la fa\u00e7on dont nous avons v\u00e9cu cette longue p\u00e9riode : cela n&rsquo;a \u00e9t\u00e9 facile pour PERSONNE, et nous avons \u00e9t\u00e9 privil\u00e9gi\u00e9es, malgr\u00e9 le fait que nous ayons v\u00e9cu des jours de grande douleur, d&rsquo;incertitude, de crainte et, en m\u00eame temps, d&rsquo;espoir en nous en remettant au Dieu de la vie&#8230; Nous avons travers\u00e9 diff\u00e9rentes phases, d&rsquo;un certain scepticisme \u00e0 une prise de conscience de la gravit\u00e9 de la pand\u00e9mie.<\/p>\n<p style=\"text-align: justify;\">Le rythme de la communaut\u00e9 a d\u00fb \u00eatre modifi\u00e9 et les<\/p>\n<p>[\/et_pb_text][\/et_pb_column][et_pb_column _builder_version=\u00a0\u00bb4.4.2&Prime; type=\u00a0\u00bb2_5&Prime;][et_pb_image _builder_version=\u00a0\u00bb4.4.2&Prime; src=\u00a0\u00bbhttps:\/\/ndcompassion.com\/wp-content\/uploads\/2020\/09\/villaverde02_800.jpg\u00a0\u00bb hover_enabled=\u00a0\u00bb0&Prime;][\/et_pb_image][\/et_pb_column][\/et_pb_row][et_pb_row _builder_version=\u00a0\u00bb4.4.2&Prime; vertical_offset=\u00a0\u00bb-26px\u00a0\u00bb hover_enabled=\u00a0\u00bb0&Prime;][et_pb_column _builder_version=\u00a0\u00bb4.4.2&Prime; type=\u00a0\u00bb4_4&Prime;][et_pb_text _builder_version=\u00a0\u00bb4.4.2&Prime; hover_enabled=\u00a0\u00bb0&Prime;]<\/p>\n<p style=\"text-align: justify;\">activit\u00e9s en r\u00e9union restreintes. Il \u00e9tait important de prendre soin de nous personnellement et en tant que communaut\u00e9. Nous sommes tr\u00e8s conscientes du fait d\u2019\u00eatre une communaut\u00e9 \u00ab\u00a0\u00e0 haut risque\u00a0\u00bb.<\/p>\n<p style=\"text-align: justify;\">Cela a \u00e9t\u00e9 l&rsquo;occasion de renforcer la pri\u00e8re personnelle et, d&rsquo;une autre mani\u00e8re, la pri\u00e8re communautaire, comme par exemple suivre la pri\u00e8re du Pape, la Semaine Sainte, les grandes f\u00eates religieuses, l&rsquo;Eucharistie quotidienne \u00e0 la t\u00e9l\u00e9vision. C&rsquo;est avec joie et gratitude que nous avons \u00ab\u00a0particip\u00e9\u00a0\u00bb \u00e0 ces c\u00e9l\u00e9brations pr\u00e9sid\u00e9es par le Pape, depuis Rome.<\/p>\n<p style=\"text-align: justify;\">Tous les jours, nous sommes sorties ponctuellement \u00e0 8 heures pour applaudir les soignants et tout le personnel qui, tout au long de ces dures journ\u00e9es, s&rsquo;est trouv\u00e9 en premi\u00e8re ligne pour que nous ne manquions ni de nourriture ni de protection. Plus tard, nous avons particip\u00e9 aux rassemblements, chaque lundi \u00e0 20h30, devant le Centre de Sant\u00e9 pour soutenir la sant\u00e9 publique.<\/p>\n<p style=\"text-align: justify;\">Cela a \u00e9t\u00e9 une p\u00e9riode privil\u00e9gi\u00e9e pour les loisirs de la Communaut\u00e9 : films, jeux de soci\u00e9t\u00e9, activit\u00e9s de stimulation cognitive plus personnalis\u00e9es.<\/p>\n<p style=\"text-align: justify;\">Aujourd&rsquo;hui, nous sommes sereines, mais NOUS NE BAISSONS PAS LA GARDE. Nous ne savons pas comment seront les jours \u00e0 venir. Nous nous sentons reconnaissantes, confiantes et ouvertes pour continuer \u00e0 d\u00e9couvrir le Dieu P\u00e8re-M\u00e8re dans notre vie quotidienne et esp\u00e9rons le vivre comme un don.<\/p>\n<p style=\"text-align: justify;\">Merche Ginel<\/p>\n<p>[\/et_pb_text][\/et_pb_column][\/et_pb_row][\/et_pb_section]<\/p>\n","protected":false},"excerpt":{"rendered":"<p>Quand vous lirez ces lignes, nous serons dans une situation qui sera meilleure ou peut-\u00eatre pire&#8230; Nous ne savons pas comment la COVID-19 va \u00e9voluer, la science ne connaissant toujours pas son comportement. Je vous fais un peu part de la fa\u00e7on dont nous avons v\u00e9cu cette longue p\u00e9riode : cela n&rsquo;a \u00e9t\u00e9 facile pour [&hellip;]<\/p>\n","protected":false},"author":1,"featured_media":3483,"comment_status":"closed","ping_status":"closed","sticky":false,"template":"","format":"standard","meta":{"_et_pb_use_builder":"on","_et_pb_old_content":"","_et_gb_content_width":"","footnotes":""},"categories":[30],"tags":[62],"class_list":["post-3490","post","type-post","status-publish","format-standard","has-post-thumbnail","hentry","category-espagne","tag-covid-19-2"],"_links":{"self":[{"href":"https:\/\/ndcompassion.com\/fr\/wp-json\/wp\/v2\/posts\/3490","targetHints":{"allow":["GET"]}}],"collection":[{"href":"https:\/\/ndcompassion.com\/fr\/wp-json\/wp\/v2\/posts"}],"about":[{"href":"https:\/\/ndcompassion.com\/fr\/wp-json\/wp\/v2\/types\/post"}],"author":[{"embeddable":true,"href":"https:\/\/ndcompassion.com\/fr\/wp-json\/wp\/v2\/users\/1"}],"replies":[{"embeddable":true,"href":"https:\/\/ndcompassion.com\/fr\/wp-json\/wp\/v2\/comments?post=3490"}],"version-history":[{"count":4,"href":"https:\/\/ndcompassion.com\/fr\/wp-json\/wp\/v2\/posts\/3490\/revisions"}],"predecessor-version":[{"id":3495,"href":"https:\/\/ndcompassion.com\/fr\/wp-json\/wp\/v2\/posts\/3490\/revisions\/3495"}],"wp:featuredmedia":[{"embeddable":true,"href":"https:\/\/ndcompassion.com\/fr\/wp-json\/wp\/v2\/media\/3483"}],"wp:attachment":[{"href":"https:\/\/ndcompassion.com\/fr\/wp-json\/wp\/v2\/media?parent=3490"}],"wp:term":[{"taxonomy":"category","embeddable":true,"href":"https:\/\/ndcompassion.com\/fr\/wp-json\/wp\/v2\/categories?post=3490"},{"taxonomy":"post_tag","embeddable":true,"href":"https:\/\/ndcompassion.com\/fr\/wp-json\/wp\/v2\/tags?post=3490"}],"curies":[{"name":"wp","href":"https:\/\/api.w.org\/{rel}","templated":true}]}}