{"id":3429,"date":"2020-07-26T23:42:30","date_gmt":"2020-07-26T22:42:30","guid":{"rendered":"https:\/\/ndcompassion.com\/?p=3429"},"modified":"2020-07-26T23:42:34","modified_gmt":"2020-07-26T22:42:34","slug":"temoignage-dune-enseignante-du-college-de-la-compassion-de-palmira","status":"publish","type":"post","link":"https:\/\/ndcompassion.com\/fr\/temoignage-dune-enseignante-du-college-de-la-compassion-de-palmira\/","title":{"rendered":"T\u00e9moignage d\u2019une enseignante du Coll\u00e8ge de la compassion de Palmira"},"content":{"rendered":"<p>[et_pb_section fb_built=\u00a0\u00bb1&Prime; _builder_version=\u00a0\u00bb4.4.2&Prime;][et_pb_row _builder_version=\u00a0\u00bb4.4.2&Prime;][et_pb_column _builder_version=\u00a0\u00bb4.4.2&Prime; type=\u00a0\u00bb4_4&Prime;][et_pb_text _builder_version=\u00a0\u00bb4.4.2&Prime; hover_enabled=\u00a0\u00bb0&Prime;]<\/p>\n<p style=\"text-align: justify;\">Je m\u2019appelle Laura, je suis professeur au Coll\u00e8ge P098 Notre-Dame de la Compassion \u00e0 Palmira, Mendoza, Argentine. Actuellement Directrice du Niveau Initial et du Niveau Primaire et Conseill\u00e8re du Niveau Secondaire.<\/p>\n<p style=\"text-align: justify;\">Je peux dire que ma vocation d\u2019enseignante \u00e9tait pr\u00e9sente en moi. Depuis mon enfance, j\u2019ai toujours r\u00eav\u00e9 d\u2019\u00eatre enseignante, je jouais \u00e0 l\u2019\u00eatre. <\/p>\n<p style=\"text-align: justify;\">R\u00e9cemment, dans ce temps de quarantaine, en triant des photos, des cartes et des souvenirs, j\u2019ai trouv\u00e9 une lettre de ma m\u00e8re (cadeau d\u2019une journ\u00e9e du ma\u00eetre). Elle me disait qu\u2019elle \u00e9tait heureuse parce qu\u2019elle me voyait \u00eatre ce que j\u2019avais le plus d\u00e9sir\u00e9 dans ma vie\u00a0; et avec des larmes aux yeux m\u00eal\u00e9es d\u2019\u00e9motions, je dis oui, sans h\u00e9siter, oui je le choisirais \u00e0 nouveau parce que je suis heureuse dans la Vocation \u00e0 laquelle j\u2019ai \u00e9t\u00e9 appel\u00e9e.<\/p>\n<p>[\/et_pb_text][\/et_pb_column][\/et_pb_row][et_pb_row _builder_version=\u00a0\u00bb4.4.2&Prime; column_structure=\u00a0\u00bb1_2,1_2&Prime;][et_pb_column _builder_version=\u00a0\u00bb4.4.2&Prime; type=\u00a0\u00bb1_2&Prime;][et_pb_image _builder_version=\u00a0\u00bb4.4.2&Prime; src=\u00a0\u00bbhttps:\/\/ndcompassion.com\/wp-content\/uploads\/2020\/07\/TestimonioPalmira2_800.jpeg\u00a0\u00bb animation_style=\u00a0\u00bbslide\u00a0\u00bb hover_enabled=\u00a0\u00bb0&Prime;][\/et_pb_image][\/et_pb_column][et_pb_column _builder_version=\u00a0\u00bb4.4.2&Prime; type=\u00a0\u00bb1_2&Prime;][et_pb_image _builder_version=\u00a0\u00bb4.4.2&Prime; src=\u00a0\u00bbhttps:\/\/ndcompassion.com\/wp-content\/uploads\/2020\/07\/TestimonioPalmira3_800.jpeg\u00a0\u00bb animation_style=\u00a0\u00bbslide\u00a0\u00bb hover_enabled=\u00a0\u00bb0&Prime;][\/et_pb_image][\/et_pb_column][\/et_pb_row][et_pb_row _builder_version=\u00a0\u00bb4.4.2&Prime;][et_pb_column _builder_version=\u00a0\u00bb4.4.2&Prime; type=\u00a0\u00bb4_4&Prime;][et_pb_text _builder_version=\u00a0\u00bb4.4.2&Prime; hover_enabled=\u00a0\u00bb0&Prime;]<\/p>\n<p style=\"text-align: justify;\">Au cours de ces 27 ann\u00e9es de chemin parcouru, je ne peux m\u2019emp\u00eacher de penser avec reconnaissance \u00e0 celles qui m\u2019ont toujours fait confiance. Dans mes premi\u00e8res ann\u00e9es, vers 1993, les S\u0153urs de la Compassion, avec une grande enseignante, amie, Yolanda Uroz, elles m\u2019ont donn\u00e9 l\u2019opportunit\u00e9 de faire mes premiers pas en tant qu\u2019enseignante. Puis les chemins de la vie m\u2019ont conduit \u00e0 travers diff\u00e9rentes r\u00e9alit\u00e9s et communaut\u00e9s, mais toujours avec une m\u00eame empreinte\u00a0: la Compassion.<\/p>\n<p style=\"text-align: justify;\">Ces chemins, chemins de Dieu, m\u2019ont ramen\u00e9e \u00e0 mon cher Coll\u00e8ge depuis 1999 et me voici ici aujourd\u2019hui, convaincue que la Compassion transcende, nous encourage \u00e0 sortir de nous-m\u00eames, \u00e0 entrer en contact avec la r\u00e9alit\u00e9 d\u2019une autre mani\u00e8re, en \u00e9tant proche de toutes les personnes dans toutes les situations. L\u00e0, il est fondamental que chaque enseignant chr\u00e9tien soit transformateur de la r\u00e9alit\u00e9 et qu\u2019il promeuve la participation de tous les membres de la communaut\u00e9 \u00e9ducative, en int\u00e9grant foi et vie.<\/p>\n<p style=\"text-align: justify;\">Laura Allub<\/p>\n<p>[\/et_pb_text][\/et_pb_column][\/et_pb_row][\/et_pb_section]<\/p>\n","protected":false},"excerpt":{"rendered":"<p>Je m\u2019appelle Laura, je suis professeur au Coll\u00e8ge P098 Notre-Dame de la Compassion \u00e0 Palmira, Mendoza, Argentine. Actuellement Directrice du Niveau Initial et du Niveau Primaire et Conseill\u00e8re du Niveau Secondaire. Je peux dire que ma vocation d\u2019enseignante \u00e9tait pr\u00e9sente en moi. Depuis mon enfance, j\u2019ai toujours r\u00eav\u00e9 d\u2019\u00eatre enseignante, je jouais \u00e0 l\u2019\u00eatre. R\u00e9cemment, [&hellip;]<\/p>\n","protected":false},"author":1,"featured_media":3422,"comment_status":"closed","ping_status":"closed","sticky":false,"template":"","format":"standard","meta":{"_et_pb_use_builder":"on","_et_pb_old_content":"","_et_gb_content_width":"","footnotes":""},"categories":[24],"tags":[70],"class_list":["post-3429","post","type-post","status-publish","format-standard","has-post-thumbnail","hentry","category-argentine","tag-compassion"],"_links":{"self":[{"href":"https:\/\/ndcompassion.com\/fr\/wp-json\/wp\/v2\/posts\/3429","targetHints":{"allow":["GET"]}}],"collection":[{"href":"https:\/\/ndcompassion.com\/fr\/wp-json\/wp\/v2\/posts"}],"about":[{"href":"https:\/\/ndcompassion.com\/fr\/wp-json\/wp\/v2\/types\/post"}],"author":[{"embeddable":true,"href":"https:\/\/ndcompassion.com\/fr\/wp-json\/wp\/v2\/users\/1"}],"replies":[{"embeddable":true,"href":"https:\/\/ndcompassion.com\/fr\/wp-json\/wp\/v2\/comments?post=3429"}],"version-history":[{"count":3,"href":"https:\/\/ndcompassion.com\/fr\/wp-json\/wp\/v2\/posts\/3429\/revisions"}],"predecessor-version":[{"id":3433,"href":"https:\/\/ndcompassion.com\/fr\/wp-json\/wp\/v2\/posts\/3429\/revisions\/3433"}],"wp:featuredmedia":[{"embeddable":true,"href":"https:\/\/ndcompassion.com\/fr\/wp-json\/wp\/v2\/media\/3422"}],"wp:attachment":[{"href":"https:\/\/ndcompassion.com\/fr\/wp-json\/wp\/v2\/media?parent=3429"}],"wp:term":[{"taxonomy":"category","embeddable":true,"href":"https:\/\/ndcompassion.com\/fr\/wp-json\/wp\/v2\/categories?post=3429"},{"taxonomy":"post_tag","embeddable":true,"href":"https:\/\/ndcompassion.com\/fr\/wp-json\/wp\/v2\/tags?post=3429"}],"curies":[{"name":"wp","href":"https:\/\/api.w.org\/{rel}","templated":true}]}}