{"id":3410,"date":"2020-07-17T12:01:10","date_gmt":"2020-07-17T11:01:10","guid":{"rendered":"https:\/\/ndcompassion.com\/?p=3410"},"modified":"2020-07-17T12:01:14","modified_gmt":"2020-07-17T11:01:14","slug":"gestes-de-compassion-aujourdhui-en-pleine-pandemie-au-venezuela","status":"publish","type":"post","link":"https:\/\/ndcompassion.com\/fr\/gestes-de-compassion-aujourdhui-en-pleine-pandemie-au-venezuela\/","title":{"rendered":"Gestes de Compassion aujourd&rsquo;hui en pleine pand\u00e9mie au Venezuela"},"content":{"rendered":"<p>[et_pb_section fb_built=\u00a0\u00bb1&Prime; _builder_version=\u00a0\u00bb4.4.2&Prime;][et_pb_row _builder_version=\u00a0\u00bb4.4.2&Prime;][et_pb_column _builder_version=\u00a0\u00bb4.4.2&Prime; type=\u00a0\u00bb4_4&Prime;][et_pb_text _builder_version=\u00a0\u00bb4.4.2&Prime; hover_enabled=\u00a0\u00bb0&Prime;]<\/p>\n<p style=\"text-align: justify;\">\u00c0 Caracas, nous sommes en quarantaine depuis la deuxi\u00e8me quinzaine de mars, ce qui nous a amen\u00e9s \u00e0 reformuler la fa\u00e7on de maintenir les activit\u00e9s d\u2019aide sur lesquelles nous travaillons.<\/p>\n<p style=\"text-align: justify;\">\u00c0 aucun moment, nous n\u2019avons envisag\u00e9 de les \u00ab\u00a0fermer\u00a0\u00bb, car la situation \u00e9tait plus critique que jamais, et nous avons cherch\u00e9 des moyens de continuer avec elles, d\u2019une mani\u00e8re diff\u00e9rente et en tenant compte des r\u00e8gles pour \u00e9viter la propagation de la pand\u00e9mie.<\/p>\n<p style=\"text-align: justify;\">Nous pouvons dire que, jusqu\u2019\u00e0 pr\u00e9sent, il n\u2019y a eu aucun cas de covid19 parmi les b\u00e9n\u00e9ficiaires des programmes.<\/p>\n<p>[\/et_pb_text][\/et_pb_column][\/et_pb_row][et_pb_row _builder_version=\u00a0\u00bb4.4.2&Prime; column_structure=\u00a0\u00bb1_4,1_4,1_4,1_4&Prime;][et_pb_column _builder_version=\u00a0\u00bb4.4.2&Prime; type=\u00a0\u00bb1_4&Prime;][et_pb_image _builder_version=\u00a0\u00bb4.4.2&Prime; src=\u00a0\u00bbhttps:\/\/ndcompassion.com\/wp-content\/uploads\/2020\/07\/PandemiaCaracas1_800-1.jpg\u00a0\u00bb admin_label=\u00a0\u00bbCompassion pand\u00e9mie Caracas 1&Prime; animation_style=\u00a0\u00bbslide\u00a0\u00bb hover_enabled=\u00a0\u00bb0&Prime;][\/et_pb_image][\/et_pb_column][et_pb_column _builder_version=\u00a0\u00bb4.4.2&Prime; type=\u00a0\u00bb1_4&Prime;][et_pb_image _builder_version=\u00a0\u00bb4.4.2&Prime; src=\u00a0\u00bbhttps:\/\/ndcompassion.com\/wp-content\/uploads\/2020\/07\/PandemiaCaracas3_800.jpg\u00a0\u00bb admin_label=\u00a0\u00bbCompassion pand\u00e9mie Caracas 2&Prime; animation_style=\u00a0\u00bbslide\u00a0\u00bb hover_enabled=\u00a0\u00bb0&Prime;][\/et_pb_image][\/et_pb_column][et_pb_column _builder_version=\u00a0\u00bb4.4.2&Prime; type=\u00a0\u00bb1_4&Prime;][et_pb_image _builder_version=\u00a0\u00bb4.4.2&Prime; src=\u00a0\u00bbhttps:\/\/ndcompassion.com\/wp-content\/uploads\/2020\/07\/PandemiaCaracas4_800.jpg\u00a0\u00bb admin_label=\u00a0\u00bbCompassion pand\u00e9mie Caracas 3&Prime; animation_style=\u00a0\u00bbslide\u00a0\u00bb hover_enabled=\u00a0\u00bb0&Prime;][\/et_pb_image][\/et_pb_column][et_pb_column _builder_version=\u00a0\u00bb4.4.2&Prime; type=\u00a0\u00bb1_4&Prime;][et_pb_image _builder_version=\u00a0\u00bb4.4.2&Prime; src=\u00a0\u00bbhttps:\/\/ndcompassion.com\/wp-content\/uploads\/2020\/07\/PandemiaCaracas5.jpg\u00a0\u00bb admin_label=\u00a0\u00bbCompassion pand\u00e9mie Caracas 4&Prime; animation_style=\u00a0\u00bbslide\u00a0\u00bb hover_enabled=\u00a0\u00bb0&Prime;][\/et_pb_image][\/et_pb_column][\/et_pb_row][et_pb_row _builder_version=\u00a0\u00bb4.4.2&Prime;][et_pb_column _builder_version=\u00a0\u00bb4.4.2&Prime; type=\u00a0\u00bb4_4&Prime;][et_pb_text _builder_version=\u00a0\u00bb4.4.2&Prime; hover_enabled=\u00a0\u00bb0&Prime;]<\/p>\n<p style=\"text-align: justify;\">Comment Dieu passe par ces \u00e9v\u00e8nements\u00a0? Cela est \u00ab\u00a0palpable\u00a0\u00bb dans les attitudes de d\u00e9vouement et de solidarit\u00e9 de ceux qui collaborent\u00a0: Dans la cantine \u00ab\u00a0M\u00e8re de la Compassion\u00a0\u00bb on ne cuisine plus pour les enfants, \u00e9vitant ainsi la r\u00e9union de groupes de personnes. Aussi, des sacs d\u2019aliments sont distribu\u00e9s \u00e0 chaque famille\u00a0: l\u2019aide n\u2019est plus seulement pour l\u2019enfant, mais pour tout le monde \u00e0 la maison. Et quand une famille qui n\u2019avait pas d\u2019enfants s\u2019approche de la cantine et qu\u2019il n\u2019y a donc pas de sac pour elle, les b\u00e9n\u00e9voles de l\u2019\u00e9quipe sortent chacun un produit de son sac pour pouvoir l\u2019aider.<\/p>\n<p style=\"text-align: justify;\">Dans la Maison d\u2019Accueil, on s\u2019occupe des fr\u00e8res de la rue et ils passent par groupes de 5 pour se laver et changer de v\u00eatements. On leur donne un verre d\u2019avoine, l\u2019un d\u2019eux apporte son pain et le distribue entre les quatre autres, il ne le mange jamais seul.<\/p>\n<p style=\"text-align: justify;\">Face \u00e0 la situation de besoin de tant de familles du quartier qui sont au ch\u00f4mage, la maison d\u2019accueil donne, le mercredi, une soupe \u00e0 plus de 150 personnes.<\/p>\n<p style=\"text-align: justify;\">Tout cela est possible parce que les aides solidaires se sont multipli\u00e9es\u00a0; jusqu\u2019\u00e0 un mariage qui passait par la maison et a vu la queue qui attendait sa sopita \u2026 ils ont laiss\u00e9 les aliments qu\u2019ils venaient d\u2019acheter pour aider eux aussi.<\/p>\n<p style=\"text-align: justify;\">Pour ceux de la prison, la personne qui cuisine pour les d\u00e9munis ne pouvait pas apporter la nourriture le dimanche \u00e0 cause du manque d\u2019essence. Un policier est venu avec sa moto pour prendre le monsieur qui la pr\u00e9pare car ce jour-l\u00e0 c\u2019\u00e9tait lui seul qui cuisinait et les gar\u00e7ons ont pu manger\u2026.<\/p>\n<p style=\"text-align: justify;\">Il ne fait aucun doute que dans cette quarantaine, le Seigneur est pr\u00e9sent \u00e0 travers la compassion, l\u2019aide et la proximit\u00e9 de tant de personnes qui consacrent leur temps \u00e0 penser aux autres et \u00e0 les servir de diverses mani\u00e8res.<\/p>\n<p style=\"text-align: center;\">Communaut\u00e9 de Caracas<\/p>\n<p>[\/et_pb_text][\/et_pb_column][\/et_pb_row][\/et_pb_section]<\/p>\n","protected":false},"excerpt":{"rendered":"<p>\u00c0 Caracas, nous sommes en quarantaine depuis la deuxi\u00e8me quinzaine de mars, ce qui nous a amen\u00e9s \u00e0 reformuler la fa\u00e7on de maintenir les activit\u00e9s d\u2019aide sur lesquelles nous travaillons. \u00c0 aucun moment, nous n\u2019avons envisag\u00e9 de les \u00ab\u00a0fermer\u00a0\u00bb, car la situation \u00e9tait plus critique que jamais, et nous avons cherch\u00e9 des moyens de continuer [&hellip;]<\/p>\n","protected":false},"author":1,"featured_media":3396,"comment_status":"closed","ping_status":"closed","sticky":false,"template":"","format":"standard","meta":{"_et_pb_use_builder":"on","_et_pb_old_content":"","_et_gb_content_width":"","footnotes":""},"categories":[42],"tags":[70,62,98],"class_list":["post-3410","post","type-post","status-publish","format-standard","has-post-thumbnail","hentry","category-venezuela-fr","tag-compassion","tag-covid-19-2","tag-pandemie"],"_links":{"self":[{"href":"https:\/\/ndcompassion.com\/fr\/wp-json\/wp\/v2\/posts\/3410","targetHints":{"allow":["GET"]}}],"collection":[{"href":"https:\/\/ndcompassion.com\/fr\/wp-json\/wp\/v2\/posts"}],"about":[{"href":"https:\/\/ndcompassion.com\/fr\/wp-json\/wp\/v2\/types\/post"}],"author":[{"embeddable":true,"href":"https:\/\/ndcompassion.com\/fr\/wp-json\/wp\/v2\/users\/1"}],"replies":[{"embeddable":true,"href":"https:\/\/ndcompassion.com\/fr\/wp-json\/wp\/v2\/comments?post=3410"}],"version-history":[{"count":2,"href":"https:\/\/ndcompassion.com\/fr\/wp-json\/wp\/v2\/posts\/3410\/revisions"}],"predecessor-version":[{"id":3413,"href":"https:\/\/ndcompassion.com\/fr\/wp-json\/wp\/v2\/posts\/3410\/revisions\/3413"}],"wp:featuredmedia":[{"embeddable":true,"href":"https:\/\/ndcompassion.com\/fr\/wp-json\/wp\/v2\/media\/3396"}],"wp:attachment":[{"href":"https:\/\/ndcompassion.com\/fr\/wp-json\/wp\/v2\/media?parent=3410"}],"wp:term":[{"taxonomy":"category","embeddable":true,"href":"https:\/\/ndcompassion.com\/fr\/wp-json\/wp\/v2\/categories?post=3410"},{"taxonomy":"post_tag","embeddable":true,"href":"https:\/\/ndcompassion.com\/fr\/wp-json\/wp\/v2\/tags?post=3410"}],"curies":[{"name":"wp","href":"https:\/\/api.w.org\/{rel}","templated":true}]}}