{"id":3102,"date":"2020-04-28T09:00:57","date_gmt":"2020-04-28T08:00:57","guid":{"rendered":"https:\/\/ndcompassion.com\/?p=3102"},"modified":"2020-04-24T10:55:47","modified_gmt":"2020-04-24T09:55:47","slug":"la-vie-est-un-tresor-precieux-mais-nous-ne-le-decouvrons-que-si-nous-la-partageons-avec-les-autres-pape-francois","status":"publish","type":"post","link":"https:\/\/ndcompassion.com\/fr\/la-vie-est-un-tresor-precieux-mais-nous-ne-le-decouvrons-que-si-nous-la-partageons-avec-les-autres-pape-francois\/","title":{"rendered":"\u00ab La vie est un tr\u00e9sor pr\u00e9cieux, mais nous ne le d\u00e9couvrons que si nous la partageons avec les autres \u00bb &#8211; Pape Fran\u00e7ois"},"content":{"rendered":"<p>[et_pb_section fb_built=\u00a0\u00bb1&Prime; _builder_version=\u00a0\u00bb4.4.2&Prime;][et_pb_row column_structure=\u00a0\u00bb2_5,3_5&Prime; _builder_version=\u00a0\u00bb4.4.2&Prime;][et_pb_column type=\u00a0\u00bb2_5&Prime; _builder_version=\u00a0\u00bb4.4.2&Prime;][et_pb_text admin_label=\u00a0\u00bbLa Reynerie TO7&Prime; _builder_version=\u00a0\u00bb4.4.2&Prime;]<\/p>\n<p style=\"text-align: justify;\">La communaut\u00e9 de la Reynerie est implant\u00e9e depuis d\u00e9cembre 2006 dans un quartier p\u00e9riph\u00e9rique de Toulouse (France) : le Mirail. Ce mot signifie \u00ab Miroir \u00bb en occitan. Il est le reflet de ce brassage des cultures de notre monde globalis\u00e9 par cette pr\u00e9sence de plus de 50 nationalit\u00e9s<\/p>\n<p>[\/et_pb_text][\/et_pb_column][et_pb_column type=\u00a0\u00bb3_5&Prime; _builder_version=\u00a0\u00bb4.4.2&Prime;][et_pb_image src=\u00a0\u00bbhttps:\/\/ndcompassion.com\/wp-content\/uploads\/2020\/04\/la-Reynerie-quartier_800.jpg\u00a0\u00bb admin_label=\u00a0\u00bbLa Renerie &#8211; quartier\u00a0\u00bb _builder_version=\u00a0\u00bb4.4.2&Prime; animation_style=\u00a0\u00bbslide\u00a0\u00bb][\/et_pb_image][\/et_pb_column][\/et_pb_row][et_pb_row _builder_version=\u00a0\u00bb4.4.2&Prime;][et_pb_column type=\u00a0\u00bb4_4&Prime; _builder_version=\u00a0\u00bb4.4.2&Prime;][et_pb_text admin_label=\u00a0\u00bbLa Reynerie TO7&Prime; _builder_version=\u00a0\u00bb4.4.2&Prime;]<\/p>\n<p style=\"text-align: justify;\">Notre communaut\u00e9 veut \u00eatre au c\u0153ur de cette r\u00e9alit\u00e9 une pr\u00e9sence d\u2019Eglise bienveillante, accueillante et signe de fraternit\u00e9.<\/p>\n<p style=\"text-align: justify;\">Chacune des trois s\u0153urs qui en font partie est ins\u00e9r\u00e9e dans ce quartier selon ses possibilit\u00e9s. L\u2019une d\u2019entre nous est b\u00e9n\u00e9vole dans une association TO7 (Toulouse Ouverture 7), en bas d\u2019un immeuble non loin de notre communaut\u00e9. C\u2019est l\u00e0 qu\u2019elle accueille les gens du quartier et d\u2019ailleurs en leur servant un petit caf\u00e9, du th\u00e9, du sirop avec son sourire, sa bonne humeur. Attentive aux besoins des uns et des autres, elle les oriente vers les personnes comp\u00e9tentes pour r\u00e9pondre \u00e0 leurs demandes (apprentissage du fran\u00e7ais, papiers administratifs, recherche d\u2019emploi, cours d\u2019informatique, etc.)<\/p>\n<p style=\"text-align: justify;\">TO7\u00a0est une association fond\u00e9e par des protestants depuis 36 ans. Elle se veut ouverte \u00e0 tous sans distinction. Un lieu qui permet de mieux se conna\u00eetre entre voisins et\/ou d\u2019autres personnes. A sa mani\u00e8re, elle essaie de construire ce vivre ensemble par cet \u00e9change entre protestants, musulmans, catholiques et d\u2019autres confessions. Les \u00ab\u00a0repas &#8211; d\u00e9bat\u00a0\u00bb sont un de ces moyens. C\u2019est l\u00e0 que les participants peuvent s\u2019informer, r\u00e9fl\u00e9chir ensemble, s\u2019\u00e9couter, s\u2019exprimer en public. TO7 accompagne les personnes aussi dans leurs difficult\u00e9s \u00e0 travers les multiples activit\u00e9s propos\u00e9es.<\/p>\n<p style=\"text-align: justify;\">C\u2019est avec les b\u00e9n\u00e9voles et les salari\u00e9s de cette association que s\u0153ur Carmen participe \u00e0 ce vivre ensemble. Nous r\u00e9alisons ainsi ce que notre Fondateur, le P\u00e8re Maurice Garrigou, disait aux s\u0153urs\u00a0: <strong>\u00ab\u00a0faire tout doucement et \u00e0 petit bruit le bien \u2026\u00a0\u00bb<\/strong>. Tel est notre mission de Compassion.<\/p>\n<p style=\"text-align: right;\">Communaut\u00e9 de La Reynerie<\/p>\n<p>[\/et_pb_text][\/et_pb_column][\/et_pb_row][\/et_pb_section]<\/p>\n","protected":false},"excerpt":{"rendered":"<p>La communaut\u00e9 de la Reynerie est implant\u00e9e depuis d\u00e9cembre 2006 dans un quartier p\u00e9riph\u00e9rique de Toulouse (France) : le Mirail. Ce mot signifie \u00ab Miroir \u00bb en occitan. Il est le reflet de ce brassage des cultures de notre monde globalis\u00e9 par cette pr\u00e9sence de plus de 50 nationalit\u00e9sNotre communaut\u00e9 veut \u00eatre au c\u0153ur de [&hellip;]<\/p>\n","protected":false},"author":1,"featured_media":3090,"comment_status":"closed","ping_status":"closed","sticky":false,"template":"","format":"standard","meta":{"_et_pb_use_builder":"on","_et_pb_old_content":"","_et_gb_content_width":"","footnotes":""},"categories":[33],"tags":[80],"class_list":["post-3102","post","type-post","status-publish","format-standard","has-post-thumbnail","hentry","category-france","tag-la-reynerie-2"],"_links":{"self":[{"href":"https:\/\/ndcompassion.com\/fr\/wp-json\/wp\/v2\/posts\/3102","targetHints":{"allow":["GET"]}}],"collection":[{"href":"https:\/\/ndcompassion.com\/fr\/wp-json\/wp\/v2\/posts"}],"about":[{"href":"https:\/\/ndcompassion.com\/fr\/wp-json\/wp\/v2\/types\/post"}],"author":[{"embeddable":true,"href":"https:\/\/ndcompassion.com\/fr\/wp-json\/wp\/v2\/users\/1"}],"replies":[{"embeddable":true,"href":"https:\/\/ndcompassion.com\/fr\/wp-json\/wp\/v2\/comments?post=3102"}],"version-history":[{"count":5,"href":"https:\/\/ndcompassion.com\/fr\/wp-json\/wp\/v2\/posts\/3102\/revisions"}],"predecessor-version":[{"id":3109,"href":"https:\/\/ndcompassion.com\/fr\/wp-json\/wp\/v2\/posts\/3102\/revisions\/3109"}],"wp:featuredmedia":[{"embeddable":true,"href":"https:\/\/ndcompassion.com\/fr\/wp-json\/wp\/v2\/media\/3090"}],"wp:attachment":[{"href":"https:\/\/ndcompassion.com\/fr\/wp-json\/wp\/v2\/media?parent=3102"}],"wp:term":[{"taxonomy":"category","embeddable":true,"href":"https:\/\/ndcompassion.com\/fr\/wp-json\/wp\/v2\/categories?post=3102"},{"taxonomy":"post_tag","embeddable":true,"href":"https:\/\/ndcompassion.com\/fr\/wp-json\/wp\/v2\/tags?post=3102"}],"curies":[{"name":"wp","href":"https:\/\/api.w.org\/{rel}","templated":true}]}}