{"id":2752,"date":"2020-01-24T10:30:13","date_gmt":"2020-01-24T09:30:13","guid":{"rendered":"https:\/\/ndcompassion.com\/?p=2752"},"modified":"2020-01-23T02:01:16","modified_gmt":"2020-01-23T01:01:16","slug":"mon-experience-a-la-cantine","status":"publish","type":"post","link":"https:\/\/ndcompassion.com\/fr\/mon-experience-a-la-cantine\/","title":{"rendered":"Mon exp\u00e8rience \u00e1 la cantine"},"content":{"rendered":"<p>[et_pb_section fb_built=\u00a0\u00bb1&Prime; admin_label=\u00a0\u00bbsection\u00a0\u00bb _builder_version=\u00a0\u00bb3.22&Prime;][et_pb_row column_structure=\u00a0\u00bb3_4,1_4&Prime; _builder_version=\u00a0\u00bb4.0.9&Prime;][et_pb_column type=\u00a0\u00bb3_4&Prime; _builder_version=\u00a0\u00bb4.0.9&Prime;][et_pb_text _builder_version=\u00a0\u00bb4.0.9&Prime; hover_enabled=\u00a0\u00bb0&Prime;]<\/p>\n<p style=\"text-align: justify;\">Carolina Rodr\u00edguez, m\u00e9re de famille, v\u00e8n\u00e8zu\u00e8lienne, engag\u00e8e dans ma communaut\u00e8 par la Foi qui me nourrit, je veux partager avec vous mon exp\u00e8rience avec la cantine \u201cM\u00e9re de la Compassion\u201d, qui fonctionne dans la chapelle Sacr\u00e8 Coeur de J\u00e8sus, situ\u00e8e dans le quartier Le 70 zone sud de Caracas, o\u00f9 assistent 140 enfants et10 personnes ag\u00e8es, pour d\u00e8jeuner le midi du lundi au vendredi\u2026 depuis octobre 2018\u2026 nous avons accompli un an au service de notre quartier.<\/p>\n<p style=\"text-align: justify;\">Je suis n\u00e8e avec la cantine\u2026 je crois que nous avons fait un magnfique travail en \u00e8quipe: acheter\u2026 cuisiner\u2026 nettoyer\u2026 servir\u2026 peser les enfants\u2026 les mesurer\u2026 faire de l\u2019animation\u2026 donner de la joie\u2026 avec beaucoup d\u2019affection et d\u2019amour pour les enfants de notre quartier.<\/p>\n<p style=\"text-align: justify;\">J\u2019ai une grande satisfaction en voyant chaque jour, quand les enfants disent: \u201cC\u2019\u00e8tait tr\u00e9s bon\u201d \u201cJ\u2019ai le ventre plein\u201d \u201cmerci\u201d \u201c il y a longtemps que je mangeais cela\u201d<\/p>\n<p style=\"text-align: justify;\">Je remercie d\u2019abord \u00e1 Dieu y \u00e1 vous les soeurs de la compassion pour l\u2019appui et l\u2019accompagnement donn\u00e8 jour apr\u00e9s jour et faire que ce miracle soit possible.Que Dieu les b\u00e8nisse toujours.<\/p>\n<p style=\"text-align: justify;\">Merci<\/p>\n<p>[\/et_pb_text][\/et_pb_column][et_pb_column type=\u00a0\u00bb1_4&Prime; _builder_version=\u00a0\u00bb4.0.9&Prime;][et_pb_image src=\u00a0\u00bbhttps:\/\/ndcompassion.com\/wp-content\/uploads\/2020\/01\/Caracas02_800.jpg\u00a0\u00bb _builder_version=\u00a0\u00bb4.0.9&Prime; animation_style=\u00a0\u00bbslide\u00a0\u00bb][\/et_pb_image][et_pb_image src=\u00a0\u00bbhttps:\/\/ndcompassion.com\/wp-content\/uploads\/2020\/01\/Caracas03_800.jpg\u00a0\u00bb _builder_version=\u00a0\u00bb4.0.9&Prime; animation_style=\u00a0\u00bbslide\u00a0\u00bb][\/et_pb_image][\/et_pb_column][\/et_pb_row][\/et_pb_section]<\/p>\n","protected":false},"excerpt":{"rendered":"<p>Carolina Rodr\u00edguez, m\u00e9re de famille, v\u00e8n\u00e8zu\u00e8lienne, engag\u00e8e dans ma communaut\u00e8 par la Foi qui me nourrit, je veux partager avec vous mon exp\u00e8rience avec la cantine \u201cM\u00e9re de la Compassion\u201d, qui fonctionne dans la chapelle Sacr\u00e8 Coeur de J\u00e8sus, situ\u00e8e dans le quartier Le 70 zone sud de Caracas, o\u00f9 assistent 140 enfants et10 personnes [&hellip;]<\/p>\n","protected":false},"author":1,"featured_media":2745,"comment_status":"closed","ping_status":"closed","sticky":false,"template":"","format":"standard","meta":{"_et_pb_use_builder":"on","_et_pb_old_content":"","_et_gb_content_width":"","footnotes":""},"categories":[42],"tags":[],"class_list":["post-2752","post","type-post","status-publish","format-standard","has-post-thumbnail","hentry","category-venezuela-fr"],"_links":{"self":[{"href":"https:\/\/ndcompassion.com\/fr\/wp-json\/wp\/v2\/posts\/2752","targetHints":{"allow":["GET"]}}],"collection":[{"href":"https:\/\/ndcompassion.com\/fr\/wp-json\/wp\/v2\/posts"}],"about":[{"href":"https:\/\/ndcompassion.com\/fr\/wp-json\/wp\/v2\/types\/post"}],"author":[{"embeddable":true,"href":"https:\/\/ndcompassion.com\/fr\/wp-json\/wp\/v2\/users\/1"}],"replies":[{"embeddable":true,"href":"https:\/\/ndcompassion.com\/fr\/wp-json\/wp\/v2\/comments?post=2752"}],"version-history":[{"count":4,"href":"https:\/\/ndcompassion.com\/fr\/wp-json\/wp\/v2\/posts\/2752\/revisions"}],"predecessor-version":[{"id":2760,"href":"https:\/\/ndcompassion.com\/fr\/wp-json\/wp\/v2\/posts\/2752\/revisions\/2760"}],"wp:featuredmedia":[{"embeddable":true,"href":"https:\/\/ndcompassion.com\/fr\/wp-json\/wp\/v2\/media\/2745"}],"wp:attachment":[{"href":"https:\/\/ndcompassion.com\/fr\/wp-json\/wp\/v2\/media?parent=2752"}],"wp:term":[{"taxonomy":"category","embeddable":true,"href":"https:\/\/ndcompassion.com\/fr\/wp-json\/wp\/v2\/categories?post=2752"},{"taxonomy":"post_tag","embeddable":true,"href":"https:\/\/ndcompassion.com\/fr\/wp-json\/wp\/v2\/tags?post=2752"}],"curies":[{"name":"wp","href":"https:\/\/api.w.org\/{rel}","templated":true}]}}