{"id":2671,"date":"2020-01-14T10:30:52","date_gmt":"2020-01-14T09:30:52","guid":{"rendered":"https:\/\/ndcompassion.com\/?p=2671"},"modified":"2020-01-13T17:48:30","modified_gmt":"2020-01-13T16:48:30","slug":"je-suis-heureuse-que-le-seigneur-ait-ete-grand-avec-moi","status":"publish","type":"post","link":"https:\/\/ndcompassion.com\/fr\/je-suis-heureuse-que-le-seigneur-ait-ete-grand-avec-moi\/","title":{"rendered":"Je suis heureuse que le Seigneur ait \u00e9t\u00e9 grand avec moi"},"content":{"rendered":"<p>[et_pb_section fb_built=\u00a0\u00bb1&Prime; _builder_version=\u00a0\u00bb4.0.9&Prime;][et_pb_row column_structure=\u00a0\u00bb1_2,1_2&Prime; _builder_version=\u00a0\u00bb4.0.9&Prime;][et_pb_column type=\u00a0\u00bb1_2&Prime; _builder_version=\u00a0\u00bb4.0.9&Prime;][et_pb_image src=\u00a0\u00bbhttps:\/\/ndcompassion.com\/wp-content\/uploads\/2020\/01\/202001_ate01_800.jpg\u00a0\u00bb _builder_version=\u00a0\u00bb4.0.9&Prime; animation_style=\u00a0\u00bbslide\u00a0\u00bb][\/et_pb_image][\/et_pb_column][et_pb_column type=\u00a0\u00bb1_2&Prime; _builder_version=\u00a0\u00bb4.0.9&Prime;][et_pb_text _builder_version=\u00a0\u00bb4.0.9&Prime;]<\/p>\n<p style=\"text-align: justify;\">Le 1 novembre est la f\u00eate de la fondation de la Congr\u00e9gation, et nous c\u00e9l\u00e9brons aussi le noces d\u2019or de soeur Merche en tant que s\u0153ur de la Compassion.<\/p>\n<p style=\"text-align: justify;\">Ce fut une journ\u00e9e pleine de rencontres avec des gens amis. L\u2019Eucharistie s\u2019est d\u00e9roul\u00e9e dans la paroisse d\u2019Ate \u00e0 4 heures de l\u2019apr\u00e8s-midi. et les deux communaut\u00e9s de Lima sont venues partager avec nous la pri\u00e8re et le d\u00e9jeuner.<\/p>\n<p style=\"text-align: justify;\">Le moment central de la f\u00eate fut l\u2019Eucharistie d\u2019Action de gr\u00e2ce au Seigneur, pour les 202 ans de fondation de la Congr\u00e9gation et les 50 ans de vie religieuse de Merche.<\/p>\n<p>[\/et_pb_text][\/et_pb_column][\/et_pb_row][et_pb_row _builder_version=\u00a0\u00bb4.0.9&Prime;][et_pb_column type=\u00a0\u00bb4_4&Prime; _builder_version=\u00a0\u00bb4.0.9&Prime;][et_pb_text _builder_version=\u00a0\u00bb4.0.9&Prime;]<\/p>\n<p style=\"text-align: justify;\">Les s\u0153urs des diff\u00e9rentes communaut\u00e9s, les membres des communaut\u00e9s chr\u00e9tiennes Compasionistas (CCC), le groupe de missionnaires Compasionistes, des amis et des voisins du quartier ont particip\u00e9 \u00e0 l\u2019Eucharistie.<\/p>\n<p style=\"text-align: justify;\">La messe a \u00e9t\u00e9 anim\u00e9e par le ch\u0153ur paroissial, et ils ont utilis\u00e9 des instruments p\u00e9ruviens tels que: la Quena, les guitares, un tambour, et des instruments de graines\u2026.<\/p>\n<p style=\"text-align: justify;\">S\u0153ur Merche, au terme de l\u2019Eucharistie, a partag\u00e9 son action de gr\u00e2ce \u00e0 Dieu, et elle a reconnu avec joie la fid\u00e9lit\u00e9 et l\u2019amour compatissant que le Seigneur a eu pour elle, tout au long de son chemin comme consacr\u00e9e. Elle a fait un bref tour des personnes, des \u00e9v\u00e9nements et des services qui ont marqu\u00e9 sa vie et qui lui ont permis d\u2019arriver jusqu\u2019\u00e0 aujourd\u2019hui.<\/p>\n<p style=\"text-align: justify;\">Apr\u00e8s l\u2019Eucharistie, les gens sont venus dans la communaut\u00e9 pour partager le toast et continuer \u00e0 partager la joie de la f\u00eate. Il a \u00e9t\u00e9 un moment pr\u00e9cieux pour tous, plein de f\u00e9licitations, d\u2019affection et de remerciements. Cette f\u00eate \u00e9tait l\u2019occasion id\u00e9ale pour d\u00e9guster de riches \u00ab\u00a0tamales arequipe\u00f1o\u00a0\u00bb et un d\u00e9licieux poulet marin\u00e9.<\/p>\n<p style=\"text-align: justify;\">Cette grande f\u00eate a \u00e9t\u00e9 accompagn\u00e9e par la musique folklorique du Peru, des danses festives et le souvenir profond des S\u0153urs qui sont pass\u00e9es par cette communaut\u00e9 et ont laiss\u00e9 un souvenir inoubliable.<\/p>\n<p style=\"text-align: right;\">LA Communaut\u00e9 d&rsquo;Ate<\/p>\n<p>[\/et_pb_text][\/et_pb_column][\/et_pb_row][\/et_pb_section]<\/p>\n","protected":false},"excerpt":{"rendered":"<p>Le 1 novembre est la f\u00eate de la fondation de la Congr\u00e9gation, et nous c\u00e9l\u00e9brons aussi le noces d\u2019or de soeur Merche en tant que s\u0153ur de la Compassion. Ce fut une journ\u00e9e pleine de rencontres avec des gens amis. L\u2019Eucharistie s\u2019est d\u00e9roul\u00e9e dans la paroisse d\u2019Ate \u00e0 4 heures de l\u2019apr\u00e8s-midi. et les deux [&hellip;]<\/p>\n","protected":false},"author":1,"featured_media":2669,"comment_status":"closed","ping_status":"closed","sticky":false,"template":"","format":"standard","meta":{"_et_pb_use_builder":"on","_et_pb_old_content":"","_et_gb_content_width":"","footnotes":""},"categories":[38],"tags":[],"class_list":["post-2671","post","type-post","status-publish","format-standard","has-post-thumbnail","hentry","category-perou"],"_links":{"self":[{"href":"https:\/\/ndcompassion.com\/fr\/wp-json\/wp\/v2\/posts\/2671","targetHints":{"allow":["GET"]}}],"collection":[{"href":"https:\/\/ndcompassion.com\/fr\/wp-json\/wp\/v2\/posts"}],"about":[{"href":"https:\/\/ndcompassion.com\/fr\/wp-json\/wp\/v2\/types\/post"}],"author":[{"embeddable":true,"href":"https:\/\/ndcompassion.com\/fr\/wp-json\/wp\/v2\/users\/1"}],"replies":[{"embeddable":true,"href":"https:\/\/ndcompassion.com\/fr\/wp-json\/wp\/v2\/comments?post=2671"}],"version-history":[{"count":5,"href":"https:\/\/ndcompassion.com\/fr\/wp-json\/wp\/v2\/posts\/2671\/revisions"}],"predecessor-version":[{"id":2685,"href":"https:\/\/ndcompassion.com\/fr\/wp-json\/wp\/v2\/posts\/2671\/revisions\/2685"}],"wp:featuredmedia":[{"embeddable":true,"href":"https:\/\/ndcompassion.com\/fr\/wp-json\/wp\/v2\/media\/2669"}],"wp:attachment":[{"href":"https:\/\/ndcompassion.com\/fr\/wp-json\/wp\/v2\/media?parent=2671"}],"wp:term":[{"taxonomy":"category","embeddable":true,"href":"https:\/\/ndcompassion.com\/fr\/wp-json\/wp\/v2\/categories?post=2671"},{"taxonomy":"post_tag","embeddable":true,"href":"https:\/\/ndcompassion.com\/fr\/wp-json\/wp\/v2\/tags?post=2671"}],"curies":[{"name":"wp","href":"https:\/\/api.w.org\/{rel}","templated":true}]}}