{"id":2431,"date":"2019-11-20T10:37:21","date_gmt":"2019-11-20T09:37:21","guid":{"rendered":"https:\/\/ndcompassion.com\/?p=2431"},"modified":"2019-11-20T16:14:12","modified_gmt":"2019-11-20T15:14:12","slug":"renouvellement-des-votes-temporaires-de-judeysi-castro","status":"publish","type":"post","link":"https:\/\/ndcompassion.com\/fr\/renouvellement-des-votes-temporaires-de-judeysi-castro\/","title":{"rendered":"Renouvellement des votes temporaires de Judeysi Castro"},"content":{"rendered":"<p>[et_pb_section fb_built=\u00a0\u00bb1&Prime; _builder_version=\u00a0\u00bb3.29.2&Prime; fb_built=\u00a0\u00bb1&Prime; _i=\u00a0\u00bb0&Prime; _address=\u00a0\u00bb0&Prime;][et_pb_row _builder_version=\u00a0\u00bb3.29.2&Prime; _i=\u00a0\u00bb0&Prime; _address=\u00a0\u00bb0.0&Prime;][et_pb_column type=\u00a0\u00bb4_4&Prime; _builder_version=\u00a0\u00bb3.29.2&Prime; _i=\u00a0\u00bb0&Prime; _address=\u00a0\u00bb0.0.0&Prime;][et_pb_text admin_label=\u00a0\u00bbText Renouvellement des votes\u00a0\u00bb _builder_version=\u00a0\u00bb3.29.2&Prime; _i=\u00a0\u00bb0&Prime; _address=\u00a0\u00bb0.0.0.0&Prime;]<\/p>\n<p style=\"text-align: justify;\">Le 8 octobre 2019, au lendemain de la Madone du Rosaire, un jour brillant s\u2019est lev\u00e9 \u00e0 Tarapoto. Et c\u2019est que Marie, la m\u00e8re toujours bonne, est pr\u00e9sente dans notre marche et ne pouvait pas \u00eatre absente. <\/p>\n<p style=\"text-align: justify;\">Dans cette c\u00e9l\u00e9bration, Judeysi Castro, jeune professe de la Compassion, faisait un pas de plus sur ce chemin joyeux et exigeant, de d\u00e9vouement et de disponibilit\u00e9, \u00e0 la suite de J\u00e9sus compatissant, en renouvelant pour deux ans, le Oui \u00e0 ce Dieu.<\/p>\n<p style=\"text-align: justify;\">Ce Dieu toujours pr\u00e9sent, dans nos vies, qui, un jour pas trop lointain, lui a demand\u00e9 une r\u00e9ponse, d\u00e9cid\u00e9e, missionnaire, compatissante, l\u2019invitant \u00e0 manifester son d\u00e9vouement d\u2019amour en faveur des petits et oubli\u00e9s de notre terre. C\u2019est ainsi qu\u2019elle manifestait publiquement le d\u00e9sir de lui donner sa vie.<\/p>\n<p style=\"text-align: justify;\">En accompagnant Judeysi dans cet acte si significatif, la communaut\u00e9 se r\u00e9jouit et c\u00e9l\u00e8bre, en soulignant son accueil affectueux et engag\u00e9, en unissant nos forces en fraternit\u00e9, nous voulons rendre visible \u00e0 Tarapoto la vie de la Compassion. <\/p>\n<p style=\"text-align: justify;\">Que Dieu fasse fructifier les petites graines de notre vie donn\u00e9e.<\/p>\n<p style=\"text-align: right;\">Communaut\u00e9 Tarapoto<\/p>\n<p>[\/et_pb_text][\/et_pb_column][\/et_pb_row][\/et_pb_section]<\/p>\n","protected":false},"excerpt":{"rendered":"<p>Le 8 octobre 2019, au lendemain de la Madone du Rosaire, un jour brillant s\u2019est lev\u00e9 \u00e0 Tarapoto. Et c\u2019est que Marie, la m\u00e8re toujours bonne, est pr\u00e9sente dans notre marche et ne pouvait pas \u00eatre absente. Dans cette c\u00e9l\u00e9bration, Judeysi Castro, jeune professe de la Compassion, faisait un pas de plus sur ce chemin [&hellip;]<\/p>\n","protected":false},"author":1,"featured_media":2439,"comment_status":"closed","ping_status":"closed","sticky":false,"template":"","format":"standard","meta":{"_et_pb_use_builder":"on","_et_pb_old_content":"","_et_gb_content_width":"","footnotes":""},"categories":[38],"tags":[],"class_list":["post-2431","post","type-post","status-publish","format-standard","has-post-thumbnail","hentry","category-perou"],"_links":{"self":[{"href":"https:\/\/ndcompassion.com\/fr\/wp-json\/wp\/v2\/posts\/2431","targetHints":{"allow":["GET"]}}],"collection":[{"href":"https:\/\/ndcompassion.com\/fr\/wp-json\/wp\/v2\/posts"}],"about":[{"href":"https:\/\/ndcompassion.com\/fr\/wp-json\/wp\/v2\/types\/post"}],"author":[{"embeddable":true,"href":"https:\/\/ndcompassion.com\/fr\/wp-json\/wp\/v2\/users\/1"}],"replies":[{"embeddable":true,"href":"https:\/\/ndcompassion.com\/fr\/wp-json\/wp\/v2\/comments?post=2431"}],"version-history":[{"count":4,"href":"https:\/\/ndcompassion.com\/fr\/wp-json\/wp\/v2\/posts\/2431\/revisions"}],"predecessor-version":[{"id":2437,"href":"https:\/\/ndcompassion.com\/fr\/wp-json\/wp\/v2\/posts\/2431\/revisions\/2437"}],"wp:featuredmedia":[{"embeddable":true,"href":"https:\/\/ndcompassion.com\/fr\/wp-json\/wp\/v2\/media\/2439"}],"wp:attachment":[{"href":"https:\/\/ndcompassion.com\/fr\/wp-json\/wp\/v2\/media?parent=2431"}],"wp:term":[{"taxonomy":"category","embeddable":true,"href":"https:\/\/ndcompassion.com\/fr\/wp-json\/wp\/v2\/categories?post=2431"},{"taxonomy":"post_tag","embeddable":true,"href":"https:\/\/ndcompassion.com\/fr\/wp-json\/wp\/v2\/tags?post=2431"}],"curies":[{"name":"wp","href":"https:\/\/api.w.org\/{rel}","templated":true}]}}