{"id":2409,"date":"2019-11-15T13:57:50","date_gmt":"2019-11-15T12:57:50","guid":{"rendered":"https:\/\/ndcompassion.com\/?p=2409"},"modified":"2019-11-15T13:59:39","modified_gmt":"2019-11-15T12:59:39","slug":"celebrer-la-vie-avec-madame-tarride","status":"publish","type":"post","link":"https:\/\/ndcompassion.com\/fr\/celebrer-la-vie-avec-madame-tarride\/","title":{"rendered":"C\u00e9l\u00e9brer la vie avec madame Tarride"},"content":{"rendered":"<p>[et_pb_section fb_built=\u00a0\u00bb1&Prime; _builder_version=\u00a0\u00bb3.29.2&Prime; fb_built=\u00a0\u00bb1&Prime; _i=\u00a0\u00bb0&Prime; _address=\u00a0\u00bb0&Prime;][et_pb_row column_structure=\u00a0\u00bb2_5,3_5&Prime; _builder_version=\u00a0\u00bb3.29.2&Prime; _i=\u00a0\u00bb0&Prime; _address=\u00a0\u00bb0.0&Prime;][et_pb_column type=\u00a0\u00bb2_5&Prime; _builder_version=\u00a0\u00bb3.29.2&Prime; _i=\u00a0\u00bb0&Prime; _address=\u00a0\u00bb0.0.0&Prime;][et_pb_image src=\u00a0\u00bbhttps:\/\/ndcompassion.com\/wp-content\/uploads\/2019\/11\/Marignac_Nanette02_800.jpg\u00a0\u00bb admin_label=\u00a0\u00bbImage madame Tarride\u00a0\u00bb _builder_version=\u00a0\u00bb3.29.2&Prime; animation_style=\u00a0\u00bbslide\u00a0\u00bb _i=\u00a0\u00bb0&Prime; _address=\u00a0\u00bb0.0.0.0&Prime;][\/et_pb_image][\/et_pb_column][et_pb_column type=\u00a0\u00bb3_5&Prime; _builder_version=\u00a0\u00bb3.29.2&Prime; _i=\u00a0\u00bb1&Prime; _address=\u00a0\u00bb0.0.1&Prime;][et_pb_text admin_label=\u00a0\u00bbText madame Tarride\u00a0\u00bb _builder_version=\u00a0\u00bb3.29.2&Prime; hover_enabled=\u00a0\u00bb0&Prime; _i=\u00a0\u00bb0&Prime; _address=\u00a0\u00bb0.0.1.0&Prime;]<\/p>\n<p style=\"text-align: justify;\">Il y a des personnes et des \u00e9v\u00e8nements qu\u2019on ne peut pas passer sous silence. Le 14 juillet 2019, madame Tarride appel\u00e9e \u00ab Nenette \u00bb a f\u00eat\u00e9 ces 90 ans. Sa famille a voulu lui faire une grande f\u00eate dans son village de Marignac \u00e0 la salle des f\u00eates de la mairie. Nenette avait invit\u00e9 des amis de sa g\u00e9n\u00e9ration, quelques connaissances ainsi que notre communaut\u00e9. Cette rencontre s\u2019est d\u00e9roul\u00e9e dans une ambiance joyeuse o\u00f9 elle a re\u00e7u des cadeaux en particulier un superbe album de photo-souvenir, des remerciements et beaucoup d\u2019autres choses.<\/p>\n<p>[\/et_pb_text][\/et_pb_column][\/et_pb_row][et_pb_row _builder_version=\u00a0\u00bb3.29.2&Prime;][et_pb_column _builder_version=\u00a0\u00bb3.29.2&Prime; type=\u00a0\u00bb4_4&Prime;][et_pb_text _builder_version=\u00a0\u00bb3.29.2&Prime; admin_label=\u00a0\u00bbText madame Terride 2&Prime; hover_enabled=\u00a0\u00bb0&Prime;]<\/p>\n<p style=\"text-align: justify;\">La communaut\u00e9 chr\u00e9tienne o\u00f9 elle a eu une part active, a voulu aussi lui rendre hommage avec une messe d\u2019action pour f\u00eater le don de sa vie. Oui, car madame Tarride est une personne exceptionnelle, sensible, d\u2019une grande g\u00e9n\u00e9rosit\u00e9, attentive aux autres. Elle a aid\u00e9 notre communaut\u00e9, dans ses d\u00e9buts, \u00e0 s\u2019ins\u00e9rer dans le secteur en nous mettant en lien avec des personnes dans le besoin. Elle nous a accompagn\u00e9es avec sa voiture dans les villages situ\u00e9s dans la montagne pour participer aux messes dominicales. Et elle ne manque pas de nous apporter des fruits et des l\u00e9gumes de son potager. Comme le disent certaines personnes : \u00ab elle a le c\u0153ur sur la main \u00bb.<\/p>\n<p style=\"text-align: justify;\">Merci Nenette pour tant de pages d\u2019\u00e9vangile v\u00e9cues ensemble. Et, comme elle le dit si bien \u00ab Si le Bon Dieu le veut \u00bb, nous esp\u00e9rons vous accompagner vers vos 100 ans avec grande affection et reconnaissance.<\/p>\n<p style=\"text-align: right;\">La communaut\u00e9 des s\u0153urs N.D. de la Compassion de Marignac. (France)<\/p>\n<p>[\/et_pb_text][\/et_pb_column][\/et_pb_row][\/et_pb_section]<\/p>\n","protected":false},"excerpt":{"rendered":"<p>Il y a des personnes et des \u00e9v\u00e8nements qu\u2019on ne peut pas passer sous silence. Le 14 juillet 2019, madame Tarride appel\u00e9e \u00ab Nenette \u00bb a f\u00eat\u00e9 ces 90 ans. Sa famille a voulu lui faire une grande f\u00eate dans son village de Marignac \u00e0 la salle des f\u00eates de la mairie. Nenette avait invit\u00e9 [&hellip;]<\/p>\n","protected":false},"author":1,"featured_media":2411,"comment_status":"closed","ping_status":"closed","sticky":false,"template":"","format":"standard","meta":{"_et_pb_use_builder":"on","_et_pb_old_content":"","_et_gb_content_width":"","footnotes":""},"categories":[33],"tags":[],"class_list":["post-2409","post","type-post","status-publish","format-standard","has-post-thumbnail","hentry","category-france"],"_links":{"self":[{"href":"https:\/\/ndcompassion.com\/fr\/wp-json\/wp\/v2\/posts\/2409","targetHints":{"allow":["GET"]}}],"collection":[{"href":"https:\/\/ndcompassion.com\/fr\/wp-json\/wp\/v2\/posts"}],"about":[{"href":"https:\/\/ndcompassion.com\/fr\/wp-json\/wp\/v2\/types\/post"}],"author":[{"embeddable":true,"href":"https:\/\/ndcompassion.com\/fr\/wp-json\/wp\/v2\/users\/1"}],"replies":[{"embeddable":true,"href":"https:\/\/ndcompassion.com\/fr\/wp-json\/wp\/v2\/comments?post=2409"}],"version-history":[{"count":3,"href":"https:\/\/ndcompassion.com\/fr\/wp-json\/wp\/v2\/posts\/2409\/revisions"}],"predecessor-version":[{"id":2418,"href":"https:\/\/ndcompassion.com\/fr\/wp-json\/wp\/v2\/posts\/2409\/revisions\/2418"}],"wp:featuredmedia":[{"embeddable":true,"href":"https:\/\/ndcompassion.com\/fr\/wp-json\/wp\/v2\/media\/2411"}],"wp:attachment":[{"href":"https:\/\/ndcompassion.com\/fr\/wp-json\/wp\/v2\/media?parent=2409"}],"wp:term":[{"taxonomy":"category","embeddable":true,"href":"https:\/\/ndcompassion.com\/fr\/wp-json\/wp\/v2\/categories?post=2409"},{"taxonomy":"post_tag","embeddable":true,"href":"https:\/\/ndcompassion.com\/fr\/wp-json\/wp\/v2\/tags?post=2409"}],"curies":[{"name":"wp","href":"https:\/\/api.w.org\/{rel}","templated":true}]}}