{"id":2388,"date":"2019-11-11T11:30:02","date_gmt":"2019-11-11T10:30:02","guid":{"rendered":"https:\/\/ndcompassion.com\/?p=2388"},"modified":"2019-11-11T11:30:07","modified_gmt":"2019-11-11T10:30:07","slug":"exposition-et-vente-de-produits-du-commerce-equitable-dans-notre-paroisse","status":"publish","type":"post","link":"https:\/\/ndcompassion.com\/fr\/exposition-et-vente-de-produits-du-commerce-equitable-dans-notre-paroisse\/","title":{"rendered":"Exposition et vente de produits du Commerce \u00c9quitable dans notre Paroisse"},"content":{"rendered":"<p>[et_pb_section fb_built=\u00a0\u00bb1&Prime; _builder_version=\u00a0\u00bb3.29.2&Prime;][et_pb_row _builder_version=\u00a0\u00bb3.29.2&Prime; column_structure=\u00a0\u00bb3_5,2_5&Prime;][et_pb_column _builder_version=\u00a0\u00bb3.29.2&Prime; type=\u00a0\u00bb3_5&Prime;][et_pb_text _builder_version=\u00a0\u00bb3.29.2&Prime; admin_label=\u00a0\u00bbText Commerce \u00c9quitable\u00a0\u00bb hover_enabled=\u00a0\u00bb0&Prime;]<\/p>\n<p style=\"text-align: justify;\">La communaut\u00e9, ins\u00e9r\u00e9e dans le quartier de San Lorenzo (Madrid), vit engag\u00e9e et int\u00e9gr\u00e9e dans les divers groupes et activit\u00e9s, dans lesquels nous reconnaissons des \u201ccourants de Compassion\u201d<\/p>\n<p style=\"text-align: justify;\">L\u2019une d\u2019entre elles est le Commerce \u00c9quitable, mouvement qui vise une plus grande \u00e9quit\u00e9 dans le commerce international entre le producteur et le consommateur au service des personnes, rendant possible le d\u00e9veloppement des populations les plus d\u00e9favoris\u00e9es.<\/p>\n<p style=\"text-align: justify;\">A travers l\u2019information, l\u2019exposition et la vente des produits, comme celle du 6 octobre dernier \u00e0 la paroisse, la communaut\u00e9 chemine avec d\u2019autres, apprenant avec tous \u00e0 regarder, penser, vivre, prier\u2026 et comprende que la pratique de la justice de la solidarit\u00e9 et de la compassion prend corps dans la fa\u00e7on de nous poser, dans la vie quotidienne, nos relations et notre fa\u00e7on de consommer, face \u00e0 un monde indiff\u00e9rent et insolidaire qui r\u00e9clame la compassion pour le soin des personnes et de la terre.<\/p>\n<p>[\/et_pb_text][\/et_pb_column][et_pb_column _builder_version=\u00a0\u00bb3.29.2&Prime; type=\u00a0\u00bb2_5&Prime;][et_pb_image _builder_version=\u00a0\u00bb3.29.2&Prime; src=\u00a0\u00bbhttps:\/\/ndcompassion.com\/wp-content\/uploads\/2019\/11\/Comercio-justo02_800.jpg\u00a0\u00bb admin_label=\u00a0\u00bbImage Commerce \u00c9quitable 2&Prime; animation_style=\u00a0\u00bbslide\u00a0\u00bb hover_enabled=\u00a0\u00bb0&Prime;][\/et_pb_image][\/et_pb_column][\/et_pb_row][et_pb_row _builder_version=\u00a0\u00bb3.29.2&Prime;][et_pb_column _builder_version=\u00a0\u00bb3.29.2&Prime; type=\u00a0\u00bb4_4&Prime;][et_pb_image _builder_version=\u00a0\u00bb3.29.2&Prime; src=\u00a0\u00bbhttps:\/\/ndcompassion.com\/wp-content\/uploads\/2019\/11\/Comercio-justo03_800.jpg\u00a0\u00bb admin_label=\u00a0\u00bbImage Commerce \u00c9quitable 3&Prime; animation_style=\u00a0\u00bbslide\u00a0\u00bb hover_enabled=\u00a0\u00bb0&Prime;][\/et_pb_image][\/et_pb_column][\/et_pb_row][\/et_pb_section]<\/p>\n","protected":false},"excerpt":{"rendered":"<p>La communaut\u00e9, ins\u00e9r\u00e9e dans le quartier de San Lorenzo (Madrid), vit engag\u00e9e et int\u00e9gr\u00e9e dans les divers groupes et activit\u00e9s, dans lesquels nous reconnaissons des \u201ccourants de Compassion\u201d L\u2019une d\u2019entre elles est le Commerce \u00c9quitable, mouvement qui vise une plus grande \u00e9quit\u00e9 dans le commerce international entre le producteur et le consommateur au service des [&hellip;]<\/p>\n","protected":false},"author":1,"featured_media":2386,"comment_status":"closed","ping_status":"closed","sticky":false,"template":"","format":"standard","meta":{"_et_pb_use_builder":"on","_et_pb_old_content":"","_et_gb_content_width":"","footnotes":""},"categories":[30],"tags":[],"class_list":["post-2388","post","type-post","status-publish","format-standard","has-post-thumbnail","hentry","category-espagne"],"_links":{"self":[{"href":"https:\/\/ndcompassion.com\/fr\/wp-json\/wp\/v2\/posts\/2388","targetHints":{"allow":["GET"]}}],"collection":[{"href":"https:\/\/ndcompassion.com\/fr\/wp-json\/wp\/v2\/posts"}],"about":[{"href":"https:\/\/ndcompassion.com\/fr\/wp-json\/wp\/v2\/types\/post"}],"author":[{"embeddable":true,"href":"https:\/\/ndcompassion.com\/fr\/wp-json\/wp\/v2\/users\/1"}],"replies":[{"embeddable":true,"href":"https:\/\/ndcompassion.com\/fr\/wp-json\/wp\/v2\/comments?post=2388"}],"version-history":[{"count":2,"href":"https:\/\/ndcompassion.com\/fr\/wp-json\/wp\/v2\/posts\/2388\/revisions"}],"predecessor-version":[{"id":2391,"href":"https:\/\/ndcompassion.com\/fr\/wp-json\/wp\/v2\/posts\/2388\/revisions\/2391"}],"wp:featuredmedia":[{"embeddable":true,"href":"https:\/\/ndcompassion.com\/fr\/wp-json\/wp\/v2\/media\/2386"}],"wp:attachment":[{"href":"https:\/\/ndcompassion.com\/fr\/wp-json\/wp\/v2\/media?parent=2388"}],"wp:term":[{"taxonomy":"category","embeddable":true,"href":"https:\/\/ndcompassion.com\/fr\/wp-json\/wp\/v2\/categories?post=2388"},{"taxonomy":"post_tag","embeddable":true,"href":"https:\/\/ndcompassion.com\/fr\/wp-json\/wp\/v2\/tags?post=2388"}],"curies":[{"name":"wp","href":"https:\/\/api.w.org\/{rel}","templated":true}]}}