{"id":2112,"date":"2019-09-16T10:00:18","date_gmt":"2019-09-16T10:00:18","guid":{"rendered":"http:\/\/ndcompassion.com\/?p=2112"},"modified":"2019-09-17T19:55:29","modified_gmt":"2019-09-17T17:55:29","slug":"la-voix-de-lamazonie-nous-reclame","status":"publish","type":"post","link":"https:\/\/ndcompassion.com\/fr\/la-voix-de-lamazonie-nous-reclame\/","title":{"rendered":"La voix de L\u2019Amazonie nous reclame"},"content":{"rendered":"<p>[et_pb_section fb_built=\u00a0\u00bb1&Prime; admin_label=\u00a0\u00bbsection\u00a0\u00bb _builder_version=\u00a0\u00bb3.22.3&Prime; fb_built=\u00a0\u00bb1&Prime; _i=\u00a0\u00bb0&Prime; _address=\u00a0\u00bb0&Prime;][et_pb_row column_structure=\u00a0\u00bb3_5,2_5&Prime; _builder_version=\u00a0\u00bb3.25&Prime; _i=\u00a0\u00bb0&Prime; _address=\u00a0\u00bb0.0&Prime;][et_pb_column type=\u00a0\u00bb3_5&Prime; _builder_version=\u00a0\u00bb3.25&Prime; custom_padding=\u00a0\u00bb|||\u00a0\u00bb _i=\u00a0\u00bb0&Prime; _address=\u00a0\u00bb0.0.0&Prime; custom_padding__hover=\u00a0\u00bb|||\u00a0\u00bb][et_pb_text admin_label=\u00a0\u00bbTexto la amazonia nos reclama\u00a0\u00bb _builder_version=\u00a0\u00bb3.29.2&Prime; hover_enabled=\u00a0\u00bb0&Prime; _i=\u00a0\u00bb0&Prime; _address=\u00a0\u00bb0.0.0.0&Prime;]<\/p>\n<p style=\"text-align: justify;\">Les Soeurs. de la ct\u00e9 de Los Rosales, nous suivons avec int\u00e9r\u00eat et pr\u00e9occupation la situation de d\u00e9vastation de l\u2019Amazonie par l\u2019intervention humaine irresponsable o\u00f9 pr\u00e9vaut \u201cune culture de rejet\u201d (L.S. 16) et une mentalit\u00e9 extractiviste et maintenant en particulier la trag\u00e9die du feu en Amazonie aux proportions alarmantes, trag\u00e9die qui n\u2019est pas seulement locale ou r\u00e9gionale, mais plan\u00e9taire. Le poumon le plus important de la plan\u00e8te est en train d\u2019\u00eatre d\u00e9truit. <\/p>\n<p>Que faire? Cela nous submerge, mais nous pouvons faire quelque chose. <\/p>\n<p>La pri\u00e8re de pri\u00e8re au Seigneur de la vie, que sa mis\u00e9ricorde pour l\u2019humanit\u00e9 se manifeste dans cette situation. Nous nous unissons dans la pri\u00e8re, personnelle et communautaire, avec tous les peuples ins\u00e9r\u00e9s dans l\u2019Amazonie, victimes de tant de d\u00e9vastation. Nous demandons \u00e9galement la conversion des personnes qui cherchent leur propre int\u00e9r\u00eat et leur propre profit sans se soucier du bien commun. <\/p>\n<p>Dans cette dynamique, nous r\u00e9fl\u00e9chissons \u00e9galement, avec les la\u00efcs, aux documents laudato Si et Synode de l\u2019Amazonie en faisant n\u00f4tres les inqui\u00e9tudes et les pr\u00e9occupations exprim\u00e9es dans ces documents. <\/p>\n<p>Nous nous unissons \u201c\u00e0 tous les hommes et les femmes de bonne volont\u00e9 pour \u00eatre les gardiens de la cr\u00e9ation, du dessein de Dieu inscrit dans la nature, les gardiens de l\u2019autre, de l\u2019environnement, ne laissons pas les signes de destruction et de mort accompagner le chemin de notre monde\u201d. (Hom\u00e9lie du d\u00e9but du minist\u00e8re p\u00e9trinien, mars 19, 2013). <\/p>\n<p>Ct\u00e9 de Los Rosales (Lima)<\/p>\n<p>[\/et_pb_text][\/et_pb_column][et_pb_column type=\u00a0\u00bb2_5&Prime; _builder_version=\u00a0\u00bb3.25&Prime; custom_padding=\u00a0\u00bb|||\u00a0\u00bb _i=\u00a0\u00bb1&Prime; _address=\u00a0\u00bb0.0.1&Prime; custom_padding__hover=\u00a0\u00bb|||\u00a0\u00bb][et_pb_image src=\u00a0\u00bbhttp:\/\/ndcompassion.com\/wp-content\/uploads\/2019\/09\/voz_amazonia02_800.jpg\u00a0\u00bb align_tablet=\u00a0\u00bbcenter\u00a0\u00bb align_last_edited=\u00a0\u00bbon|desktop\u00a0\u00bb admin_label=\u00a0\u00bbImagen la voz de nuestra amazonia\u00a0\u00bb _builder_version=\u00a0\u00bb3.23&Prime; animation_style=\u00a0\u00bbslide\u00a0\u00bb _i=\u00a0\u00bb0&Prime; _address=\u00a0\u00bb0.0.1.0&Prime;][\/et_pb_image][\/et_pb_column][\/et_pb_row][\/et_pb_section]<\/p>\n","protected":false},"excerpt":{"rendered":"<p>Les Soeurs. de la ct\u00e9 de Los Rosales, nous suivons avec int\u00e9r\u00eat et pr\u00e9occupation la situation de d\u00e9vastation de l\u2019Amazonie par l\u2019intervention humaine irresponsable o\u00f9 pr\u00e9vaut \u201cune culture de rejet\u201d (L.S. 16) et une mentalit\u00e9 extractiviste et maintenant en particulier la trag\u00e9die du feu en Amazonie aux proportions alarmantes, trag\u00e9die qui n\u2019est pas seulement locale [&hellip;]<\/p>\n","protected":false},"author":1,"featured_media":2110,"comment_status":"closed","ping_status":"closed","sticky":false,"template":"","format":"standard","meta":{"_et_pb_use_builder":"on","_et_pb_old_content":"","_et_gb_content_width":"","footnotes":""},"categories":[38],"tags":[],"class_list":["post-2112","post","type-post","status-publish","format-standard","has-post-thumbnail","hentry","category-perou"],"_links":{"self":[{"href":"https:\/\/ndcompassion.com\/fr\/wp-json\/wp\/v2\/posts\/2112","targetHints":{"allow":["GET"]}}],"collection":[{"href":"https:\/\/ndcompassion.com\/fr\/wp-json\/wp\/v2\/posts"}],"about":[{"href":"https:\/\/ndcompassion.com\/fr\/wp-json\/wp\/v2\/types\/post"}],"author":[{"embeddable":true,"href":"https:\/\/ndcompassion.com\/fr\/wp-json\/wp\/v2\/users\/1"}],"replies":[{"embeddable":true,"href":"https:\/\/ndcompassion.com\/fr\/wp-json\/wp\/v2\/comments?post=2112"}],"version-history":[{"count":7,"href":"https:\/\/ndcompassion.com\/fr\/wp-json\/wp\/v2\/posts\/2112\/revisions"}],"predecessor-version":[{"id":2146,"href":"https:\/\/ndcompassion.com\/fr\/wp-json\/wp\/v2\/posts\/2112\/revisions\/2146"}],"wp:featuredmedia":[{"embeddable":true,"href":"https:\/\/ndcompassion.com\/fr\/wp-json\/wp\/v2\/media\/2110"}],"wp:attachment":[{"href":"https:\/\/ndcompassion.com\/fr\/wp-json\/wp\/v2\/media?parent=2112"}],"wp:term":[{"taxonomy":"category","embeddable":true,"href":"https:\/\/ndcompassion.com\/fr\/wp-json\/wp\/v2\/categories?post=2112"},{"taxonomy":"post_tag","embeddable":true,"href":"https:\/\/ndcompassion.com\/fr\/wp-json\/wp\/v2\/tags?post=2112"}],"curies":[{"name":"wp","href":"https:\/\/api.w.org\/{rel}","templated":true}]}}