{"id":2052,"date":"2019-09-09T11:01:22","date_gmt":"2019-09-09T11:01:22","guid":{"rendered":"http:\/\/ndcompassion.com\/?p=2052"},"modified":"2019-09-09T11:17:46","modified_gmt":"2019-09-09T11:17:46","slug":"volontariat-international-compassionniste-un-chemin-de-solidarite","status":"publish","type":"post","link":"https:\/\/ndcompassion.com\/fr\/volontariat-international-compassionniste-un-chemin-de-solidarite\/","title":{"rendered":"Volontariat International Compassionniste : un chemin de solidarit\u00e9\u2026."},"content":{"rendered":"<p>[et_pb_section fb_built=\u00a0\u00bb1&Prime; _builder_version=\u00a0\u00bb3.22.7&Prime;][et_pb_row _builder_version=\u00a0\u00bb3.22.7&Prime;][et_pb_column type=\u00a0\u00bb4_4&Prime; _builder_version=\u00a0\u00bb3.22.7&Prime;][et_pb_text admin_label=\u00a0\u00bbText Volontariat International Compassionniste\u00a0\u00bb _builder_version=\u00a0\u00bb3.22.7&Prime;]<\/p>\n<p style=\"text-align: justify;\">Le Volontariat International Compassionniste (Vi. Comp) est l\u2019un des projets de la congr\u00e9gation. Il est propos\u00e9 \u00e0 des personnes qui souhaitent vivre une solidarit\u00e9 avec ceux qui sont dans le besoin. Elles peuvent ainsi donner de leur temps et partager leurs comp\u00e9tences personnelles.<\/p>\n<p style=\"text-align: justify;\">Depuis 2015, l\u2019\u00e9quipe du Vi.Comp a accompagn\u00e9 des volontaires qui ont pris le risque d\u2019aller \u00e0 la d\u00e9couverte de ces diff\u00e9rentes r\u00e9alit\u00e9s. Pour un temps donn\u00e9, ils participent \u00e0 des actions sociales avec nos deux communaut\u00e9s \u00e0 Tarapoto (P\u00e9rou) et \u00e0 Yaound\u00e9 (Cameroun) impliqu\u00e9es dans ces projets. <\/p>\n<p style=\"text-align: justify;\">Derni\u00e8rement, 7 personnes se sont engag\u00e9es pour prendre part \u00e0 ces courants de Compassion. 5 d\u2019entre elles vont ou sont all\u00e9es \u00e0 Yaound\u00e9 dans le quartier de Minboman. Nicole a d\u00e9j\u00e0 fait son exp\u00e9rience au mois de juillet. Ana, Pilar et Ir\u00e8ne sont en train de faire cette m\u00eame exp\u00e9rience dans ce quartier de Yaound\u00e9. Jos\u00e9-Mari, lui, se pr\u00e9pare pour partir en novembre 2019.<\/p>\n<p style=\"text-align: justify;\">En ce mois d\u2019ao\u00fbt, Maria et Rober ont risqu\u00e9 l\u2019aventure en s\u2019envolant pour Tarapoto afin de soutenir des actions socio-\u00e9ducatives aupr\u00e8s d\u2019une cantine \u00e0 caract\u00e8re social dans un des quartiers les plus d\u00e9favoris\u00e9s du secteur.<\/p>\n<p style=\"text-align: justify;\">Pour vivre cette exp\u00e9rience, tous les volontaires ont pr\u00e9par\u00e9 leur d\u00e9part en amont avec l\u2019\u00e9quipe de coordination du Vi.Comp. Pour certains, cela s\u2019est fait avec des entretiens individuels. Et quand la distance ne permettait pas ces \u00e9changes, nous l\u2019avons r\u00e9alis\u00e9 via les r\u00e9seaux sociaux. La derni\u00e8re rencontre avant leur d\u00e9part a \u00e9t\u00e9 tr\u00e8s enrichissante.<\/p>\n<p style=\"text-align: justify;\">Nous avons pu \u00e9changer avec eux puis nous avons c\u00e9l\u00e9br\u00e9 leur envoi en vue de leurs destinations respectives avec la pr\u00e9sence de la communaut\u00e9 des s\u0153urs de Madrid.<\/p>\n<p>[\/et_pb_text][\/et_pb_column][\/et_pb_row][\/et_pb_section]<\/p>\n","protected":false},"excerpt":{"rendered":"<p>Le Volontariat International Compassionniste (Vi. Comp) est l\u2019un des projets de la congr\u00e9gation. Il est propos\u00e9 \u00e0 des personnes qui souhaitent vivre une solidarit\u00e9 avec ceux qui sont dans le besoin. Elles peuvent ainsi donner de leur temps et partager leurs comp\u00e9tences personnelles. Depuis 2015, l\u2019\u00e9quipe du Vi.Comp a accompagn\u00e9 des volontaires qui ont pris [&hellip;]<\/p>\n","protected":false},"author":1,"featured_media":2050,"comment_status":"closed","ping_status":"closed","sticky":false,"template":"","format":"standard","meta":{"_et_pb_use_builder":"on","_et_pb_old_content":"","_et_gb_content_width":"","footnotes":""},"categories":[3],"tags":[],"class_list":["post-2052","post","type-post","status-publish","format-standard","has-post-thumbnail","hentry","category-uncategorized"],"_links":{"self":[{"href":"https:\/\/ndcompassion.com\/fr\/wp-json\/wp\/v2\/posts\/2052","targetHints":{"allow":["GET"]}}],"collection":[{"href":"https:\/\/ndcompassion.com\/fr\/wp-json\/wp\/v2\/posts"}],"about":[{"href":"https:\/\/ndcompassion.com\/fr\/wp-json\/wp\/v2\/types\/post"}],"author":[{"embeddable":true,"href":"https:\/\/ndcompassion.com\/fr\/wp-json\/wp\/v2\/users\/1"}],"replies":[{"embeddable":true,"href":"https:\/\/ndcompassion.com\/fr\/wp-json\/wp\/v2\/comments?post=2052"}],"version-history":[{"count":3,"href":"https:\/\/ndcompassion.com\/fr\/wp-json\/wp\/v2\/posts\/2052\/revisions"}],"predecessor-version":[{"id":2058,"href":"https:\/\/ndcompassion.com\/fr\/wp-json\/wp\/v2\/posts\/2052\/revisions\/2058"}],"wp:featuredmedia":[{"embeddable":true,"href":"https:\/\/ndcompassion.com\/fr\/wp-json\/wp\/v2\/media\/2050"}],"wp:attachment":[{"href":"https:\/\/ndcompassion.com\/fr\/wp-json\/wp\/v2\/media?parent=2052"}],"wp:term":[{"taxonomy":"category","embeddable":true,"href":"https:\/\/ndcompassion.com\/fr\/wp-json\/wp\/v2\/categories?post=2052"},{"taxonomy":"post_tag","embeddable":true,"href":"https:\/\/ndcompassion.com\/fr\/wp-json\/wp\/v2\/tags?post=2052"}],"curies":[{"name":"wp","href":"https:\/\/api.w.org\/{rel}","templated":true}]}}