{"id":2024,"date":"2019-08-27T22:00:46","date_gmt":"2019-08-27T22:00:46","guid":{"rendered":"http:\/\/ndcompassion.com\/?p=2024"},"modified":"2019-08-27T20:30:40","modified_gmt":"2019-08-27T20:30:40","slug":"promenant-la-compassion","status":"publish","type":"post","link":"https:\/\/ndcompassion.com\/fr\/promenant-la-compassion\/","title":{"rendered":"Promenant la Compassion"},"content":{"rendered":"<p>[et_pb_section fb_built=\u00a0\u00bb1&Prime; _builder_version=\u00a0\u00bb3.22.7&Prime;][et_pb_row _builder_version=\u00a0\u00bb3.22.7&Prime;][et_pb_column type=\u00a0\u00bb2_5&Prime; _builder_version=\u00a0\u00bb3.22.7&Prime;][et_pb_image animation_style=\u00a0\u00bbslide\u00a0\u00bb _builder_version=\u00a0\u00bb3.22.7&Prime; src=\u00a0\u00bbhttp:\/\/ndcompassion.com\/wp-content\/uploads\/2019\/08\/sanduzelai01_800.jpg\u00a0\u00bb admin_label=\u00a0\u00bbImage promenant la compassion \u00ab\u00a0][\/et_pb_image][\/et_pb_column][et_pb_column type=\u00a0\u00bb3_5&Prime; _builder_version=\u00a0\u00bb3.22.7&Prime;][et_pb_text _builder_version=\u00a0\u00bb3.22.7&Prime; admin_label=\u00a0\u00bbtext promenant la compassion\u00a0\u00bb]<\/p>\n<p style=\"text-align: justify;\">Depuis la Communaut\u00e9 de la R\u00e9sidence \u2018\u2018BELOSO ALTO\u2019\u2019, nous vous saluons et vous souhaitons de passer un bon apr\u00e8s-midi avec nous.<\/p>\n<p style=\"text-align: justify;\">Nous sommes les S\u0153urs de la communaut\u00e9 de Sanduzelai (Pamplona) qui accompagnons, entourons nos S\u0153urs les plus fragiles de la dite R\u00e9sidence en leur offrant divers services.<\/p>\n<p style=\"text-align: justify;\">Aujourd\u2019hui, parlons de la promenade.<\/p>\n<p style=\"text-align: justify;\"><strong>Promener nos s\u0153urs et nous avec :<\/strong><br \/>Nous passons trois apr\u00e8s-midi par semaine \u00e0 les promener. En fin de promenade nous entendons toujours : <em>Merci beaucoup, \u00e7a a \u00e9t\u00e9 un vrai plaisir!<\/em> En parlant avec elles, elles expriment fr\u00e9quemment : <em>tout est diff\u00e9rent, le temps, le rythme tout cela nous d\u00e9concertent\u2026 Je ne peux rien faire, m\u00eame ma relation \u00e0 Dieu a chang\u00e9.<\/em><\/p>\n<p style=\"text-align: justify;\"><strong>En r\u00e9fl\u00e9chissant ensemble :<\/strong> nous voyons que nous sommes dans ce \u2018\u2018temps de retour\u2019\u2019\u2026<\/p>\n<ul>\n<li style=\"text-align: justify;\">C\u2019est un temps de passage : de ce que j\u2019ai \u00e0 faire\u2026\u00e0 me laisser faire<\/li>\n<li style=\"text-align: justify;\">De laver les pieds (J\u00e9sus avec ses disciples) me laisser doucher, habiller, pomponner, \u2018\u2018me laisser laver les pieds\u2019\u2019<\/li>\n<li style=\"text-align: justify;\">Du je dois aller \u2026 \u00e0 me laisser conduire, \u00e0 attendre\u2026<\/li>\n<li style=\"text-align: justify;\">De moi je peux\u2026 \u00e0 vivre la d\u00e9pendance (comme Marie \u00e0 l\u2019Annonciation) \u2018\u2018comment cela va-t-il se faire\u2026 moi je ne peux pas\u2019\u2019\u2026 Ne t\u2019inqui\u00e8tes pas lui r\u00e9pond l\u2019Ange, tu n\u2019as rien \u00e0 faire, seulement te laisser configurer les entrailles par la COMPASSION.<\/li>\n<\/ul>\n<p style=\"text-align: justify;\">Il est vrai que tout cela a chang\u00e9 : nous avons\u2026j\u2019ai du temps, beaucoup de temps pour \u00e9couter ma propre histoire et celle de mes S\u0153urs trac\u00e9e par Dieu dans le secret de mon c\u0153ur. Avec la force de l\u2019Esprit, tout est possible. Priez pour nous. Merci beaucoup.<\/p>\n<p>[\/et_pb_text][\/et_pb_column][\/et_pb_row][\/et_pb_section]<\/p>\n","protected":false},"excerpt":{"rendered":"<p>Depuis la Communaut\u00e9 de la R\u00e9sidence \u2018\u2018BELOSO ALTO\u2019\u2019, nous vous saluons et vous souhaitons de passer un bon apr\u00e8s-midi avec nous. Nous sommes les S\u0153urs de la communaut\u00e9 de Sanduzelai (Pamplona) qui accompagnons, entourons nos S\u0153urs les plus fragiles de la dite R\u00e9sidence en leur offrant divers services. Aujourd\u2019hui, parlons de la promenade. Promener nos [&hellip;]<\/p>\n","protected":false},"author":1,"featured_media":2020,"comment_status":"closed","ping_status":"closed","sticky":false,"template":"","format":"standard","meta":{"_et_pb_use_builder":"on","_et_pb_old_content":"","_et_gb_content_width":"","footnotes":""},"categories":[30],"tags":[],"class_list":["post-2024","post","type-post","status-publish","format-standard","has-post-thumbnail","hentry","category-espagne"],"_links":{"self":[{"href":"https:\/\/ndcompassion.com\/fr\/wp-json\/wp\/v2\/posts\/2024","targetHints":{"allow":["GET"]}}],"collection":[{"href":"https:\/\/ndcompassion.com\/fr\/wp-json\/wp\/v2\/posts"}],"about":[{"href":"https:\/\/ndcompassion.com\/fr\/wp-json\/wp\/v2\/types\/post"}],"author":[{"embeddable":true,"href":"https:\/\/ndcompassion.com\/fr\/wp-json\/wp\/v2\/users\/1"}],"replies":[{"embeddable":true,"href":"https:\/\/ndcompassion.com\/fr\/wp-json\/wp\/v2\/comments?post=2024"}],"version-history":[{"count":2,"href":"https:\/\/ndcompassion.com\/fr\/wp-json\/wp\/v2\/posts\/2024\/revisions"}],"predecessor-version":[{"id":2027,"href":"https:\/\/ndcompassion.com\/fr\/wp-json\/wp\/v2\/posts\/2024\/revisions\/2027"}],"wp:featuredmedia":[{"embeddable":true,"href":"https:\/\/ndcompassion.com\/fr\/wp-json\/wp\/v2\/media\/2020"}],"wp:attachment":[{"href":"https:\/\/ndcompassion.com\/fr\/wp-json\/wp\/v2\/media?parent=2024"}],"wp:term":[{"taxonomy":"category","embeddable":true,"href":"https:\/\/ndcompassion.com\/fr\/wp-json\/wp\/v2\/categories?post=2024"},{"taxonomy":"post_tag","embeddable":true,"href":"https:\/\/ndcompassion.com\/fr\/wp-json\/wp\/v2\/tags?post=2024"}],"curies":[{"name":"wp","href":"https:\/\/api.w.org\/{rel}","templated":true}]}}