{"id":2006,"date":"2019-08-24T10:00:44","date_gmt":"2019-08-24T10:00:44","guid":{"rendered":"http:\/\/ndcompassion.com\/?p=2006"},"modified":"2019-08-14T22:52:57","modified_gmt":"2019-08-14T22:52:57","slug":"projection-sociale-dans-cima-de-la-ccc-lima","status":"publish","type":"post","link":"https:\/\/ndcompassion.com\/fr\/projection-sociale-dans-cima-de-la-ccc-lima\/","title":{"rendered":"Projection sociale dans \u00ab CIMA \u00bb de la CCC-Lima"},"content":{"rendered":"<p>[et_pb_section fb_built=\u00a0\u00bb1&Prime; admin_label=\u00a0\u00bbsection\u00a0\u00bb _builder_version=\u00a0\u00bb3.22.3&Prime;][et_pb_row admin_label=\u00a0\u00bbrow\u00a0\u00bb _builder_version=\u00a0\u00bb3.22.3&Prime; background_size=\u00a0\u00bbinitial\u00a0\u00bb background_position=\u00a0\u00bbtop_left\u00a0\u00bb background_repeat=\u00a0\u00bbrepeat\u00a0\u00bb][et_pb_column type=\u00a0\u00bb4_4&Prime; _builder_version=\u00a0\u00bb3.0.47&Prime;][\/et_pb_column][\/et_pb_row][et_pb_row _builder_version=\u00a0\u00bb3.22.7&Prime;][et_pb_column type=\u00a0\u00bb3_5&Prime; _builder_version=\u00a0\u00bb3.22.7&Prime;][et_pb_text admin_label=\u00a0\u00bbText Projection sociale dans CiMA\u00a0\u00bb _builder_version=\u00a0\u00bb3.22.7&Prime;]<\/p>\n<p style=\"text-align: justify;\">Le 23 juin, le CCC-Lima a eu une journ\u00e9e de projection sociale au sein de l\u2019Association CIMA &#8211; CENTRE D\u2019INT\u00c9GRATION DES ENFANTS DE LA RUE &#8211; situ\u00e9e dans le quartier de Cieneguilla.<\/p>\n<p style=\"text-align: justify;\">CIMA, accueille les enfants et adolescents \u00e2g\u00e9s de 9 \u00e0 17 ans, \u00e1 haut risque dans \u00ab situation de rue \u00bb (jeunes vuln\u00e9rables pour usage de drogues, de jeux \u00e9lectroniques, mauvaise conduite) les enfants et les adolescents qui entrent dans la maison, ils se sent comme dans \u201cLa Maison du P\u00e8re\u00a0\u00bb, \u00ab un lieu o\u00f9 se vit l\u2019esp\u00e9rance \u00bb<\/p>\n<p style=\"text-align: justify;\">L&rsquo;acc\u00e8s et la permanence des jeunes sont gratuits et volontaires. C\u2019est la d\u00e9cision des enfants ou des adolescents qui compte, ainsi que leur engagement \u00e0 assumer le style de vie de la maison : \u00e9tudier, collaborer au service, la participation dans les ateliers de formation th\u00e9rapeutiques et technique.<\/p>\n<p style=\"text-align: justify;\">Les CCC ont d\u00e9couvert une porte ouverte pour vivre, l\u00e0 aussi, la compassion ; c\u00b4est pourquoi la journ\u00e9e de vie \u00e0 CIMA fait partie d\u2019une des activit\u00e9s planifi\u00e9es de fa\u00e7on r\u00e9currente pour apporter de la joie, la solidarit\u00e9 et ainsi contribuer \u00e0 leurs nombreux besoins, tels que v\u00eatements, de la nourriture, \u2026; en recevant en retour le t\u00e9moignage de joie et de lutte pour un avenir meilleur, en affrontant avec esp\u00e9rance l\u00b4adversit\u00e9.<\/p>\n<p>[\/et_pb_text][\/et_pb_column][et_pb_column type=\u00a0\u00bb2_5&Prime; _builder_version=\u00a0\u00bb3.22.7&Prime;][et_pb_image src=\u00a0\u00bbhttp:\/\/ndcompassion.com\/wp-content\/uploads\/2019\/08\/cima02_800.jpeg\u00a0\u00bb admin_label=\u00a0\u00bbImage cima 2&Prime; _builder_version=\u00a0\u00bb3.22.7&Prime; animation_style=\u00a0\u00bbslide\u00a0\u00bb][\/et_pb_image][et_pb_image src=\u00a0\u00bbhttp:\/\/ndcompassion.com\/wp-content\/uploads\/2019\/08\/cima03_800.jpeg\u00a0\u00bb admin_label=\u00a0\u00bbImage cima 3&Prime; _builder_version=\u00a0\u00bb3.22.7&Prime; animation_style=\u00a0\u00bbslide\u00a0\u00bb][\/et_pb_image][\/et_pb_column][\/et_pb_row][\/et_pb_section]<\/p>\n","protected":false},"excerpt":{"rendered":"<p>Le 23 juin, le CCC-Lima a eu une journ\u00e9e de projection sociale au sein de l\u2019Association CIMA &#8211; CENTRE D\u2019INT\u00c9GRATION DES ENFANTS DE LA RUE &#8211; situ\u00e9e dans le quartier de Cieneguilla. CIMA, accueille les enfants et adolescents \u00e2g\u00e9s de 9 \u00e0 17 ans, \u00e1 haut risque dans \u00ab situation de rue \u00bb (jeunes vuln\u00e9rables [&hellip;]<\/p>\n","protected":false},"author":1,"featured_media":2000,"comment_status":"closed","ping_status":"closed","sticky":false,"template":"","format":"standard","meta":{"_et_pb_use_builder":"on","_et_pb_old_content":"","_et_gb_content_width":"","footnotes":""},"categories":[38],"tags":[],"class_list":["post-2006","post","type-post","status-publish","format-standard","has-post-thumbnail","hentry","category-perou"],"_links":{"self":[{"href":"https:\/\/ndcompassion.com\/fr\/wp-json\/wp\/v2\/posts\/2006","targetHints":{"allow":["GET"]}}],"collection":[{"href":"https:\/\/ndcompassion.com\/fr\/wp-json\/wp\/v2\/posts"}],"about":[{"href":"https:\/\/ndcompassion.com\/fr\/wp-json\/wp\/v2\/types\/post"}],"author":[{"embeddable":true,"href":"https:\/\/ndcompassion.com\/fr\/wp-json\/wp\/v2\/users\/1"}],"replies":[{"embeddable":true,"href":"https:\/\/ndcompassion.com\/fr\/wp-json\/wp\/v2\/comments?post=2006"}],"version-history":[{"count":3,"href":"https:\/\/ndcompassion.com\/fr\/wp-json\/wp\/v2\/posts\/2006\/revisions"}],"predecessor-version":[{"id":2010,"href":"https:\/\/ndcompassion.com\/fr\/wp-json\/wp\/v2\/posts\/2006\/revisions\/2010"}],"wp:featuredmedia":[{"embeddable":true,"href":"https:\/\/ndcompassion.com\/fr\/wp-json\/wp\/v2\/media\/2000"}],"wp:attachment":[{"href":"https:\/\/ndcompassion.com\/fr\/wp-json\/wp\/v2\/media?parent=2006"}],"wp:term":[{"taxonomy":"category","embeddable":true,"href":"https:\/\/ndcompassion.com\/fr\/wp-json\/wp\/v2\/categories?post=2006"},{"taxonomy":"post_tag","embeddable":true,"href":"https:\/\/ndcompassion.com\/fr\/wp-json\/wp\/v2\/tags?post=2006"}],"curies":[{"name":"wp","href":"https:\/\/api.w.org\/{rel}","templated":true}]}}