{"id":1860,"date":"2019-07-23T09:34:31","date_gmt":"2019-07-23T09:34:31","guid":{"rendered":"http:\/\/ndcompassion.com\/?p=1860"},"modified":"2019-07-23T12:20:52","modified_gmt":"2019-07-23T12:20:52","slug":"les-olymiades-2019-a-la-maison-de-retraite","status":"publish","type":"post","link":"https:\/\/ndcompassion.com\/fr\/les-olymiades-2019-a-la-maison-de-retraite\/","title":{"rendered":"Les Olympiades 2019 \u00e0 la maison de retraite"},"content":{"rendered":"<p>[et_pb_section fb_built=\u00a0\u00bb1&Prime; _builder_version=\u00a0\u00bb3.22.7&Prime;][et_pb_row _builder_version=\u00a0\u00bb3.22.7&Prime;][et_pb_column type=\u00a0\u00bb4_4&Prime; _builder_version=\u00a0\u00bb3.22.7&Prime;][et_pb_text admin_label=\u00a0\u00bbLes Olympiades 2019 \u00e0 la maison de retraite. \u00a0\u00bb _builder_version=\u00a0\u00bb3.22.7&Prime;]<\/p>\n<p style=\"text-align: justify;\">Les 13, 15 et 17 mai se sont c\u00e9l\u00e9br\u00e9es, dans notre maison de retraite, les premi\u00e8res Olypiades DOMUS VI REAL DELEITE, pour tous les r\u00e9sidents.<\/p>\n<p style=\"text-align: justify;\">Ce fut une journ\u00e9e d\u2019int\u00e9r\u00eat ludique et nous pouvons dire que la participation a \u00e9t\u00e9 active, festive et tr\u00e8s bien accueillie par les r\u00e9sidents. Rien ne manquait : flamme olympique, \u00e9quipes sportives, jeux et, bien \u00e9videmment, m\u00e9dailles de bronze, d\u2019argent et d\u2019or. Nous avons pass\u00e9 un excellent moment, la joie \u00e9tait immense et se refl\u00e9tait sur les visages des participants et participantes. La douleur qui, indubitablement, se ressent dans les maisons de retraites, paraissait inexistante.<\/p>\n<p style=\"text-align: justify;\">Les \u00e9quipes d\u2019organisation (le personnel de l\u2019\u00e9tablissement) nous ont beaucoup motiv\u00e9, mettant en valeur notre potentiel physique, d\u2019amiti\u00e9 et de participation.<\/p>\n<p style=\"text-align: justify;\">Ces Olympiades nous ont fait r\u00e9aliser et exp\u00e9rimenter que l\u2019on peut faire toujours plus que ce que l\u2019on croit. Ces activit\u00e9s, cette participation, la proximit\u00e9 manifest\u00e9e et les visages souriant nous font constater que, malgr\u00e9 la fragilit\u00e9 humaine, se cache un esprit ferme qui nous fait regarder vers le pass\u00e9 en conservant la \u00ab Flamme \u00bb du pr\u00e9sent.<\/p>\n<p style=\"text-align: justify;\">Ces journ\u00e9es se sont termin\u00e9es par une f\u00eate familiale \u00e0 laquelle se sont rendues les s\u0153urs des diff\u00e9rentes communaut\u00e9s Compassionistes de Madrid et la soir\u00e9e fut anim\u00e9e par l\u2019Orchestre de l\u2019Ecole de Musique d\u2019Aranjuez.<\/p>\n<p style=\"text-align: justify;\">La Communaut\u00e9 Compassioniste de la maison de retraite \u00ab REAL DELEITE \u00bb d\u2019Aranjuez.<\/p>\n<p>[\/et_pb_text][et_pb_video src=\u00a0\u00bbhttps:\/\/youtu.be\/LgDyx-kEnIs\u00a0\u00bb admin_label=\u00a0\u00bbvideo https:\/\/youtu.be\/LgDyx-kEnIs\u00a0\u00bb _builder_version=\u00a0\u00bb3.22.7&Prime;][\/et_pb_video][\/et_pb_column][\/et_pb_row][\/et_pb_section]<\/p>\n","protected":false},"excerpt":{"rendered":"<p>Les 13, 15 et 17 mai se sont c\u00e9l\u00e9br\u00e9es, dans notre maison de retraite, les premi\u00e8res Olypiades DOMUS VI REAL DELEITE, pour tous les r\u00e9sidents. Ce fut une journ\u00e9e d\u2019int\u00e9r\u00eat ludique et nous pouvons dire que la participation a \u00e9t\u00e9 active, festive et tr\u00e8s bien accueillie par les r\u00e9sidents. Rien ne manquait : flamme olympique, [&hellip;]<\/p>\n","protected":false},"author":1,"featured_media":1867,"comment_status":"closed","ping_status":"closed","sticky":false,"template":"","format":"standard","meta":{"_et_pb_use_builder":"on","_et_pb_old_content":"","_et_gb_content_width":"","footnotes":""},"categories":[30],"tags":[],"class_list":["post-1860","post","type-post","status-publish","format-standard","has-post-thumbnail","hentry","category-espagne"],"_links":{"self":[{"href":"https:\/\/ndcompassion.com\/fr\/wp-json\/wp\/v2\/posts\/1860","targetHints":{"allow":["GET"]}}],"collection":[{"href":"https:\/\/ndcompassion.com\/fr\/wp-json\/wp\/v2\/posts"}],"about":[{"href":"https:\/\/ndcompassion.com\/fr\/wp-json\/wp\/v2\/types\/post"}],"author":[{"embeddable":true,"href":"https:\/\/ndcompassion.com\/fr\/wp-json\/wp\/v2\/users\/1"}],"replies":[{"embeddable":true,"href":"https:\/\/ndcompassion.com\/fr\/wp-json\/wp\/v2\/comments?post=1860"}],"version-history":[{"count":5,"href":"https:\/\/ndcompassion.com\/fr\/wp-json\/wp\/v2\/posts\/1860\/revisions"}],"predecessor-version":[{"id":1869,"href":"https:\/\/ndcompassion.com\/fr\/wp-json\/wp\/v2\/posts\/1860\/revisions\/1869"}],"wp:featuredmedia":[{"embeddable":true,"href":"https:\/\/ndcompassion.com\/fr\/wp-json\/wp\/v2\/media\/1867"}],"wp:attachment":[{"href":"https:\/\/ndcompassion.com\/fr\/wp-json\/wp\/v2\/media?parent=1860"}],"wp:term":[{"taxonomy":"category","embeddable":true,"href":"https:\/\/ndcompassion.com\/fr\/wp-json\/wp\/v2\/categories?post=1860"},{"taxonomy":"post_tag","embeddable":true,"href":"https:\/\/ndcompassion.com\/fr\/wp-json\/wp\/v2\/tags?post=1860"}],"curies":[{"name":"wp","href":"https:\/\/api.w.org\/{rel}","templated":true}]}}