{"id":1715,"date":"2019-06-11T13:02:41","date_gmt":"2019-06-11T13:02:41","guid":{"rendered":"http:\/\/ndcompassion.com\/?p=1715"},"modified":"2019-06-11T13:02:48","modified_gmt":"2019-06-11T13:02:48","slug":"mission-pascale-2019","status":"publish","type":"post","link":"https:\/\/ndcompassion.com\/fr\/mission-pascale-2019\/","title":{"rendered":"Mission Pascale 2019"},"content":{"rendered":"<p>[et_pb_section fb_built=\u00a0\u00bb1&Prime; _builder_version=\u00a0\u00bb3.22.7&Prime;][et_pb_row _builder_version=\u00a0\u00bb3.22.7&Prime;][et_pb_column type=\u00a0\u00bb4_4&Prime; _builder_version=\u00a0\u00bb3.22.7&Prime;][et_pb_text _builder_version=\u00a0\u00bb3.22.7&Prime; admin_label=\u00a0\u00bbMission Pascale inicio\u00a0\u00bb]<\/p>\n<p style=\"text-align: right;\"><em><span style=\"font-family: BradleyHandITC;\">\u00ab\u00a0Jeunes r\u00eavez, bougez, risquez, regardez la vie avec<br \/>un nouveau sourire, allez de l\u2019avant, n&rsquo;ayez pas peur\u00a0\u00bb<\/span><\/em><\/p>\n<p style=\"text-align: right;\"><strong><em>Pape Fran\u00e7ois.<\/em><\/strong><\/p>\n<p style=\"text-align: justify;\">Pendant la Semaine Sainte, nous avons invit\u00e9s les jeunes de notre environnement \u00e0 participer \u00e0 la festivit\u00e9 Pascale organis\u00e9 express\u00e9ment pour eux. Il y-avait environ 17 personnes entre adolescents et jeunes qui ont accueilli notre proposition de vivre cette exp\u00e9rience lors du Triduum Pascal. On commen\u00e7ait chaque jour avec la pri\u00e8re, ensuite r\u00e9flexion sur le sens de la journ\u00e9e puis, dans l&rsquo;apr\u00e8s-midi, nous nous sommes rendus \u00e0 Pachacutec, un secteur auquel appartient l\u2019une de salle \u00e0 manger nomm\u00e9e \u201cVierge de la Compassion\u201d, dont participent quarantaine d&rsquo;enfants de ce quartier.<\/p>\n<p style=\"text-align: justify;\">Le Jeudi Saint a \u00e9t\u00e9 nomm\u00e9 \u00ab\u00a0Misi\u00f3n Amor\u201d (Mission Amour) ce jour, les jeunes ont d\u00e9couvert progressivement c\u2019est que c\u2019est l&rsquo;Amour et le Service de J\u00e9sus.<\/p>\n<p style=\"text-align: justify;\">Le Vendredi Saint \u00e9tait surnomm\u00e9 \u00abMisi\u00f3n Entrega\u00bb (Mission Livraison), l\u00e0, on a travaill\u00e9 les diff\u00e9rentes mains qui ont \u00e9t\u00e9 rencontr\u00e9es sur les Crucifi\u00e9s du Chemin de Croix. Dans l&rsquo;apr\u00e8s-midi, ensemble avec les enfants, on a fait le Chemin de Croix exp\u00e9rientiel dans la r\u00e9gion.<\/p>\n<p style=\"text-align: justify;\">Le Samedi Saint a \u00e9t\u00e9 nomm\u00e9 \u00ab\u00a0Misi\u00f3n Esperanza\u00a0\u00bb (Mission Esp\u00e9rance), on a pri\u00e9 autour de la Vierge Marie avec les jeunes, Marie en tant que M\u00e8re de l&rsquo;Esp\u00e9rance, qui les invite \u00e0 avoir un Projet de vie.<\/p>\n<p style=\"text-align: justify;\">On a conclu notre c\u00e9l\u00e9bration de P\u00e2ques ensemble avec les enfants pleine de joie, \u00e0 travers des jeux et danses, en exprimant avec grande joie la R\u00e9surrection du Seigneur. Les jeunes ont exprim\u00e9 le d\u00e9sir de continuer \u00e0 \u00eatre porteurs de cette Bonne Nouvelle parmi les plus petits.<\/p>\n<p>[\/et_pb_text][\/et_pb_column][\/et_pb_row][et_pb_row _builder_version=\u00a0\u00bb3.22.7&Prime;][et_pb_column type=\u00a0\u00bb1_2&Prime; _builder_version=\u00a0\u00bb3.22.7&Prime;][et_pb_image animation_style=\u00a0\u00bbslide\u00a0\u00bb _builder_version=\u00a0\u00bb3.22.7&Prime; src=\u00a0\u00bbhttp:\/\/ndcompassion.com\/wp-content\/uploads\/2019\/06\/Pascua_Tarapoto2_800.jpg\u00a0\u00bb admin_label=\u00a0\u00bbNi\u00f1os\u00a0\u00bb][\/et_pb_image][\/et_pb_column][et_pb_column type=\u00a0\u00bb1_2&Prime; _builder_version=\u00a0\u00bb3.22.7&Prime;][et_pb_image _builder_version=\u00a0\u00bb3.22.7&Prime; src=\u00a0\u00bbhttp:\/\/ndcompassion.com\/wp-content\/uploads\/2019\/06\/Pascua_Tarapoto3_800.jpg\u00a0\u00bb admin_label=\u00a0\u00bbjeunes\u00a0\u00bb][\/et_pb_image][\/et_pb_column][\/et_pb_row][et_pb_row _builder_version=\u00a0\u00bb3.22.7&Prime;][et_pb_column type=\u00a0\u00bb4_4&Prime; _builder_version=\u00a0\u00bb3.22.7&Prime;][et_pb_text _builder_version=\u00a0\u00bb3.22.7&Prime; admin_label=\u00a0\u00bbMission pascale finale\u00a0\u00bb]<\/p>\n<p style=\"text-align: justify;\">La chose la plus belle de cette exp\u00e9rience a \u00e9t\u00e9 le travail faite ensemble entre les s\u0153urs et les la\u00efcs qui ont collabor\u00e9 \u00e0 la r\u00e9alisation de cette intense exp\u00e9rience de trois jours au service des jeunes, car chacun a contribu\u00e9 selon ses possibilit\u00e9s pour r\u00e9pondre au d\u00e9fi, celui de sortir \u00e0 la rencontre de la jeunesse et de rester proche d\u2019elle.<\/p>\n<p>COMMUNAUT\u00c9 DE TARAPOTO<\/p>\n<p>[\/et_pb_text][\/et_pb_column][\/et_pb_row][\/et_pb_section]<\/p>\n","protected":false},"excerpt":{"rendered":"<p>\u00ab\u00a0Jeunes r\u00eavez, bougez, risquez, regardez la vie avecun nouveau sourire, allez de l\u2019avant, n&rsquo;ayez pas peur\u00a0\u00bb Pape Fran\u00e7ois. Pendant la Semaine Sainte, nous avons invit\u00e9s les jeunes de notre environnement \u00e0 participer \u00e0 la festivit\u00e9 Pascale organis\u00e9 express\u00e9ment pour eux. Il y-avait environ 17 personnes entre adolescents et jeunes qui ont accueilli notre proposition de [&hellip;]<\/p>\n","protected":false},"author":1,"featured_media":1707,"comment_status":"closed","ping_status":"closed","sticky":false,"template":"","format":"standard","meta":{"_et_pb_use_builder":"on","_et_pb_old_content":"","_et_gb_content_width":"","footnotes":""},"categories":[38],"tags":[],"class_list":["post-1715","post","type-post","status-publish","format-standard","has-post-thumbnail","hentry","category-perou"],"_links":{"self":[{"href":"https:\/\/ndcompassion.com\/fr\/wp-json\/wp\/v2\/posts\/1715","targetHints":{"allow":["GET"]}}],"collection":[{"href":"https:\/\/ndcompassion.com\/fr\/wp-json\/wp\/v2\/posts"}],"about":[{"href":"https:\/\/ndcompassion.com\/fr\/wp-json\/wp\/v2\/types\/post"}],"author":[{"embeddable":true,"href":"https:\/\/ndcompassion.com\/fr\/wp-json\/wp\/v2\/users\/1"}],"replies":[{"embeddable":true,"href":"https:\/\/ndcompassion.com\/fr\/wp-json\/wp\/v2\/comments?post=1715"}],"version-history":[{"count":2,"href":"https:\/\/ndcompassion.com\/fr\/wp-json\/wp\/v2\/posts\/1715\/revisions"}],"predecessor-version":[{"id":1721,"href":"https:\/\/ndcompassion.com\/fr\/wp-json\/wp\/v2\/posts\/1715\/revisions\/1721"}],"wp:featuredmedia":[{"embeddable":true,"href":"https:\/\/ndcompassion.com\/fr\/wp-json\/wp\/v2\/media\/1707"}],"wp:attachment":[{"href":"https:\/\/ndcompassion.com\/fr\/wp-json\/wp\/v2\/media?parent=1715"}],"wp:term":[{"taxonomy":"category","embeddable":true,"href":"https:\/\/ndcompassion.com\/fr\/wp-json\/wp\/v2\/categories?post=1715"},{"taxonomy":"post_tag","embeddable":true,"href":"https:\/\/ndcompassion.com\/fr\/wp-json\/wp\/v2\/tags?post=1715"}],"curies":[{"name":"wp","href":"https:\/\/api.w.org\/{rel}","templated":true}]}}