{"id":1656,"date":"2019-06-02T23:08:05","date_gmt":"2019-06-02T23:08:05","guid":{"rendered":"http:\/\/ndcompassion.com\/?p=1656"},"modified":"2019-06-02T23:08:12","modified_gmt":"2019-06-02T23:08:12","slug":"tout-est-a-lordre","status":"publish","type":"post","link":"https:\/\/ndcompassion.com\/fr\/tout-est-a-lordre\/","title":{"rendered":"Tout est \u00e0 l`ordre"},"content":{"rendered":"<p>[et_pb_section fb_built=\u00a0\u00bb1&Prime; admin_label=\u00a0\u00bbsection\u00a0\u00bb _builder_version=\u00a0\u00bb3.22.3&Prime;][et_pb_row _builder_version=\u00a0\u00bb3.22.7&Prime;][et_pb_column type=\u00a0\u00bb1_2&Prime; _builder_version=\u00a0\u00bb3.22.7&Prime;][et_pb_image animation_style=\u00a0\u00bbslide\u00a0\u00bb _builder_version=\u00a0\u00bb3.22.7&Prime; src=\u00a0\u00bbhttp:\/\/ndcompassion.com\/wp-content\/uploads\/2019\/06\/LosRosales1_800.jpg\u00a0\u00bb admin_label=\u00a0\u00bbCommunaut\u00e9 des Rosales P\u00e9rou\u00a0\u00bb][\/et_pb_image][et_pb_image animation_style=\u00a0\u00bbslide\u00a0\u00bb _builder_version=\u00a0\u00bb3.22.7&Prime; src=\u00a0\u00bbhttp:\/\/ndcompassion.com\/wp-content\/uploads\/2019\/06\/LosRosales3_800-2.jpg\u00a0\u00bb admin_label=\u00a0\u00bbCommunaut\u00e9 des Rosales\u00a0\u00bb][\/et_pb_image][\/et_pb_column][et_pb_column type=\u00a0\u00bb1_2&Prime; _builder_version=\u00a0\u00bb3.22.7&Prime;][et_pb_text _builder_version=\u00a0\u00bb3.22.7&Prime; admin_label=\u00a0\u00bbText Communaut\u00e9 des Rosales\u00a0\u00bb]<\/p>\n<p style=\"text-align: justify;\">Nous vous invitons \u00e0 vivre avec nous un matin d\u2019ateliers.<\/p>\n<p style=\"text-align: justify;\">La salle nous attend avec l\u2019image de notre M\u00e8re Compatissante, entour\u00e9 de couvertures color\u00e9es, fleurs, bougie, pierres color\u00e9es, r\u00e9cipient en bronze avec son b\u00e2ton de bronze aussi, \u2026. Tout a un sens.<\/p>\n<p style=\"text-align: justify;\">Toutes les soeurs participantes sont pr\u00e9sentes, Ricardo et Lucy, professionnelles dans l\u2019application de la th\u00e9rapie \u201cth\u00e9rapeutique holistique\u201d qui cherche \u00e0 r\u00e9tablir la connexion naturelle entre l\u2019\u00e9nergie du corps, des \u00e9motions, de l\u2019esprit et de l\u2019esprit. Grace \u00e0 des exercices de respiration coordonn\u00e9s avec des mouvements doux, de l\u2019eau, des couleurs, des odeurs de fleurs, de diverses huiles, nous stimulons notre \u00e9nergie int\u00e9rieure qui nous d\u00e9tend, nous harmonise et nous met en harmonie avec la nature, avec nos fr\u00e8res et avec Dieu. <\/p>\n<p style=\"text-align: justify;\">Nous partageons avec vous ces photos o\u00f9 vous pouvez appr\u00e9cier certaines des s\u00e9ances de l\u2019Energie holistique si b\u00e9n\u00e9fique pour notre sant\u00e9.<\/p>\n<p style=\"text-align: justify;\">COMMUNAUT\u00c9 DES ROSALES P\u00c9ROU<\/p>\n<p>[\/et_pb_text][\/et_pb_column][\/et_pb_row][\/et_pb_section]<\/p>\n","protected":false},"excerpt":{"rendered":"<p>Nous vous invitons \u00e0 vivre avec nous un matin d\u2019ateliers. La salle nous attend avec l\u2019image de notre M\u00e8re Compatissante, entour\u00e9 de couvertures color\u00e9es, fleurs, bougie, pierres color\u00e9es, r\u00e9cipient en bronze avec son b\u00e2ton de bronze aussi, \u2026. Tout a un sens. Toutes les soeurs participantes sont pr\u00e9sentes, Ricardo et Lucy, professionnelles dans l\u2019application de [&hellip;]<\/p>\n","protected":false},"author":1,"featured_media":1640,"comment_status":"closed","ping_status":"closed","sticky":false,"template":"","format":"standard","meta":{"_et_pb_use_builder":"on","_et_pb_old_content":"","_et_gb_content_width":"","footnotes":""},"categories":[38],"tags":[],"class_list":["post-1656","post","type-post","status-publish","format-standard","has-post-thumbnail","hentry","category-perou"],"_links":{"self":[{"href":"https:\/\/ndcompassion.com\/fr\/wp-json\/wp\/v2\/posts\/1656","targetHints":{"allow":["GET"]}}],"collection":[{"href":"https:\/\/ndcompassion.com\/fr\/wp-json\/wp\/v2\/posts"}],"about":[{"href":"https:\/\/ndcompassion.com\/fr\/wp-json\/wp\/v2\/types\/post"}],"author":[{"embeddable":true,"href":"https:\/\/ndcompassion.com\/fr\/wp-json\/wp\/v2\/users\/1"}],"replies":[{"embeddable":true,"href":"https:\/\/ndcompassion.com\/fr\/wp-json\/wp\/v2\/comments?post=1656"}],"version-history":[{"count":4,"href":"https:\/\/ndcompassion.com\/fr\/wp-json\/wp\/v2\/posts\/1656\/revisions"}],"predecessor-version":[{"id":1661,"href":"https:\/\/ndcompassion.com\/fr\/wp-json\/wp\/v2\/posts\/1656\/revisions\/1661"}],"wp:featuredmedia":[{"embeddable":true,"href":"https:\/\/ndcompassion.com\/fr\/wp-json\/wp\/v2\/media\/1640"}],"wp:attachment":[{"href":"https:\/\/ndcompassion.com\/fr\/wp-json\/wp\/v2\/media?parent=1656"}],"wp:term":[{"taxonomy":"category","embeddable":true,"href":"https:\/\/ndcompassion.com\/fr\/wp-json\/wp\/v2\/categories?post=1656"},{"taxonomy":"post_tag","embeddable":true,"href":"https:\/\/ndcompassion.com\/fr\/wp-json\/wp\/v2\/tags?post=1656"}],"curies":[{"name":"wp","href":"https:\/\/api.w.org\/{rel}","templated":true}]}}