{"id":1510,"date":"2019-05-15T00:33:58","date_gmt":"2019-05-15T00:33:58","guid":{"rendered":"http:\/\/ndcompassion.com\/?p=1510"},"modified":"2019-05-15T00:34:05","modified_gmt":"2019-05-15T00:34:05","slug":"semaine-sainte-de-cali","status":"publish","type":"post","link":"https:\/\/ndcompassion.com\/fr\/semaine-sainte-de-cali\/","title":{"rendered":"Semaine Sainte de Cali"},"content":{"rendered":"<p>[et_pb_section fb_built=\u00a0\u00bb1&Prime; admin_label=\u00a0\u00bbsection\u00a0\u00bb _builder_version=\u00a0\u00bb3.22.3&Prime;][et_pb_row _builder_version=\u00a0\u00bb3.22.7&Prime;][et_pb_column type=\u00a0\u00bb2_5&Prime; _builder_version=\u00a0\u00bb3.22.7&Prime;][et_pb_gallery show_title_and_caption=\u00a0\u00bboff\u00a0\u00bb animation_style=\u00a0\u00bbslide\u00a0\u00bb _builder_version=\u00a0\u00bb3.22.7&Prime; gallery_ids=\u00a0\u00bb1498,1500&Prime; admin_label=\u00a0\u00bbSemaine Sante de Cali\u00a0\u00bb][\/et_pb_gallery][\/et_pb_column][et_pb_column type=\u00a0\u00bb3_5&Prime; _builder_version=\u00a0\u00bb3.22.7&Prime;][et_pb_text _builder_version=\u00a0\u00bb3.22.7&Prime; admin_label=\u00a0\u00bbTexto du Semaine Sante Cali\u00a0\u00bb]<\/p>\n<p style=\"text-align: justify;\">Les Compassionists de la Communaut\u00e9 chr\u00e9tienne de Cali, en Colombie, ont particip\u00e9 activement aux actes c\u00e9l\u00e9br\u00e9s pendante la Semaine Sainte du 14 au 21 avril de cette ann\u00e9e, en tant que membre actif de l\u00b4eglise. Elle correspondait \u00e0 la c\u00e9l\u00e9bration du silence de Marie, le samedi saint, et se d\u00e9roulait avec une procession de la Vierge Douloureuse dans les rues du quartier. Avec cela, nous voulions nous sovenir et r\u00e9fl\u00e9chir \u00e0 la douleur v\u00e9cue par notre m\u00e8re Marie au cours de sa vie. Nous avons l\u2019accompagement du cur\u00e9 de la Chapelle de Saint-Andr\u00e9, qui a finalment m\u00e9dit\u00e9 sur le silance de Notre-Dame. Tout ce qui s`est pass\u00e9 nous permet de garder les yeux sur J\u00e9sus et Marie pour continuer notre missions d\u2019\u00eatre toujours aux c\u00f4t\u00e9s de la personne qui a le plus besoin de nous.<\/p>\n<p>[\/et_pb_text][\/et_pb_column][\/et_pb_row][\/et_pb_section]<\/p>\n","protected":false},"excerpt":{"rendered":"<p>Les Compassionists de la Communaut\u00e9 chr\u00e9tienne de Cali, en Colombie, ont particip\u00e9 activement aux actes c\u00e9l\u00e9br\u00e9s pendante la Semaine Sainte du 14 au 21 avril de cette ann\u00e9e, en tant que membre actif de l\u00b4eglise. Elle correspondait \u00e0 la c\u00e9l\u00e9bration du silence de Marie, le samedi saint, et se d\u00e9roulait avec une procession de la [&hellip;]<\/p>\n","protected":false},"author":1,"featured_media":1502,"comment_status":"closed","ping_status":"closed","sticky":false,"template":"","format":"standard","meta":{"_et_pb_use_builder":"on","_et_pb_old_content":"","_et_gb_content_width":"","footnotes":""},"categories":[27],"tags":[],"class_list":["post-1510","post","type-post","status-publish","format-standard","has-post-thumbnail","hentry","category-la-colombie"],"_links":{"self":[{"href":"https:\/\/ndcompassion.com\/fr\/wp-json\/wp\/v2\/posts\/1510","targetHints":{"allow":["GET"]}}],"collection":[{"href":"https:\/\/ndcompassion.com\/fr\/wp-json\/wp\/v2\/posts"}],"about":[{"href":"https:\/\/ndcompassion.com\/fr\/wp-json\/wp\/v2\/types\/post"}],"author":[{"embeddable":true,"href":"https:\/\/ndcompassion.com\/fr\/wp-json\/wp\/v2\/users\/1"}],"replies":[{"embeddable":true,"href":"https:\/\/ndcompassion.com\/fr\/wp-json\/wp\/v2\/comments?post=1510"}],"version-history":[{"count":2,"href":"https:\/\/ndcompassion.com\/fr\/wp-json\/wp\/v2\/posts\/1510\/revisions"}],"predecessor-version":[{"id":1513,"href":"https:\/\/ndcompassion.com\/fr\/wp-json\/wp\/v2\/posts\/1510\/revisions\/1513"}],"wp:featuredmedia":[{"embeddable":true,"href":"https:\/\/ndcompassion.com\/fr\/wp-json\/wp\/v2\/media\/1502"}],"wp:attachment":[{"href":"https:\/\/ndcompassion.com\/fr\/wp-json\/wp\/v2\/media?parent=1510"}],"wp:term":[{"taxonomy":"category","embeddable":true,"href":"https:\/\/ndcompassion.com\/fr\/wp-json\/wp\/v2\/categories?post=1510"},{"taxonomy":"post_tag","embeddable":true,"href":"https:\/\/ndcompassion.com\/fr\/wp-json\/wp\/v2\/tags?post=1510"}],"curies":[{"name":"wp","href":"https:\/\/api.w.org\/{rel}","templated":true}]}}