{"id":4135,"date":"2021-11-15T12:30:50","date_gmt":"2021-11-15T11:30:50","guid":{"rendered":"https:\/\/ndcompassion.com\/?p=4135"},"modified":"2021-11-15T12:33:40","modified_gmt":"2021-11-15T11:33:40","slug":"reunidas-en-tu-nombre-somos-enviadas","status":"publish","type":"post","link":"https:\/\/ndcompassion.com\/es\/reunidas-en-tu-nombre-somos-enviadas\/","title":{"rendered":"Reunidas en tu nombre, somos enviadas"},"content":{"rendered":"<p>[et_pb_section fb_built=\u00bb1&#8243; _builder_version=\u00bb4.9.4&#8243; _module_preset=\u00bbdefault\u00bb][et_pb_row _builder_version=\u00bb4.9.4&#8243; _module_preset=\u00bbdefault\u00bb][et_pb_column type=\u00bb4_4&#8243; _builder_version=\u00bb4.9.4&#8243; _module_preset=\u00bbdefault\u00bb][et_pb_text _builder_version=\u00bb4.9.4&#8243; _module_preset=\u00bbdefault\u00bb hover_enabled=\u00bb0&#8243; sticky_enabled=\u00bb0&#8243;]<\/p>\n<p style=\"text-align: justify;\">Los d\u00edas 1 y 2 de octubre las Congregaciones de la Alianza (Hijas de la Cruz, Hermanas de Nuestra Se\u00f1ora de la Compasi\u00f3n, Hermanas del Salvador y de la Sant\u00edsima Virgen y Siervas de Mar\u00eda) se reunieron en la Casa Madre de las Siervas de Mar\u00eda en Anglet, para vivir un tiempo de reflexi\u00f3n y participar en una celebraci\u00f3n para agradecer la marcha de la primera comunidad de San Sebasti\u00e1n y ofrecer y enviar a las dos nuevas comunidades que marchan juntas desde hace unos meses.<\/p>\n<p style=\"text-align: justify;\">En esta celebraci\u00f3n las Superioras Generales de las tres Congregaciones, Elena (NDC), Isabel (SM) y Susana (FDC), entregaron el s\u00edmbolo: un bast\u00f3n que simboliza la confianza en todas y cada una de las comunidades. Le servir\u00e1 de apoyo en el caminar cotidiano.<\/p>\n<p style=\"text-align: center;\">Todas somos testigos de este env\u00edo<br \/>y vamos a hacer un gesto con nuestro cuerpo<br \/>como parte de esta experiencia de Congregaciones en camino de Alianza.<br \/>Vivimos de acuerdo con el rumbo que nos has indicado<br \/>dentro del c\u00edrculo de la vida.<br \/>\u201cVen, Gran Esp\u00edritu al reunirnos en tu nombre\u201d<br \/>Honramos tu Esp\u00edritu, que renueva el mundo<br \/>y nos llama a cuidar tu creaci\u00f3n<br \/>en el Este, Sur, Oeste y Norte.<\/p>\n<p>[\/et_pb_text][et_pb_video src=\u00bbhttps:\/\/youtu.be\/bqr3JdV-ggg\u00bb _builder_version=\u00bb4.9.4&#8243; _module_preset=\u00bbdefault\u00bb][\/et_pb_video][et_pb_text _builder_version=\u00bb4.9.4&#8243; _module_preset=\u00bbdefault\u00bb hover_enabled=\u00bb0&#8243; sticky_enabled=\u00bb0&#8243;]<\/p>\n<p>Giramos nuestro cuerpo hacia las Cuatro Direcciones mientras oramos las siguientes oraciones. Empezamos girando hacia el Este y seguimos girando, con cada oraci\u00f3n, en el sentido de las agujas del reloj<\/p>\n<p style=\"text-align: justify;\">Miramos hacia el ESTE: El lugar del amanecer, hay belleza en la ma\u00f1ana, quienes buscan encuentran all\u00ed nuevas visiones con el nacimiento cada d\u00eda sagrado. Todas las personas que honran la vida a su alrededor, todas las que honran la vida en su interior, brillar\u00e1n con luz y gloria al llegar nuevamente la ma\u00f1ana. Y oramos, Ven Esp\u00edritu Santo, ven.<\/p>\n<p style=\"text-align: justify;\">Giramos hacia el SUR: En el Sur, el lugar del crecimiento, hay sabidur\u00eda en la tierra, tanto el doloroso canto de la muerte como el alegre canto del nacimiento. As\u00ed como la Tierra entrega su sangre vital para que los corazones de sus hijos y de sus hijas puedan latir, por nuestra parte le devolvemos nuestra devoci\u00f3n por el suelo sagrado bajo nuestros pies. Y oramos, Ven Esp\u00edritu Santo, ven.<\/p>\n<p style=\"text-align: justify;\">Nos orientamos hacia el OESTE: El lugar de la contemplaci\u00f3n, all\u00ed nace la visi\u00f3n del siervo de los siervos, aquel que nos anunci\u00f3 el Evangelio. Gu\u00edanos al final de cada d\u00eda y ll\u00e9nanos de tu paz. Y oramos, Ven Esp\u00edritu Santo, ven.<\/p>\n<p style=\"text-align: justify;\">Miramos hacia el NORTE: Miramos a Dios, nuestro Creador, que limpia nuestra tierra con la nieve, con el viento y con la lluvia. A Jes\u00fas que nos llena de la amplitud de la misericordia y de la gracia, abrazando con amor a todas las personas. Y al Esp\u00edritu Santo que viene a inspirarnos. Y oramos, Ven Esp\u00edritu Santo, ven.<\/p>\n<p style=\"text-align: justify;\"><strong>En el momento de las Ofrendas<\/strong><\/p>\n<p style=\"text-align: justify;\">Cada comunidad eligi\u00f3 un s\u00edmbolo y comparti\u00f3 con nosotras su significado<\/p>\n<p style=\"text-align: justify;\"><strong>Les Mureaux<\/strong><\/p>\n<p style=\"text-align: justify;\">\u00abVenimos con estas telas, s\u00edmbolos de nuestras historias personales, de nuestras vidas religiosas plasmadas por nuestras propias congregaciones.<\/p>\n<p style=\"text-align: justify;\">Es con la riqueza de nuestras vidas que tejemos, construimos nuestra comunidad en Alianza a la que hemos sido enviadas por nuestras congregaciones.<\/p>\n<p style=\"text-align: justify;\">Cristo es el centro. \u00c9l es nuestra luz, nuestro camino, nuestra vida, que da sentido a este nuevo camino iniciado por Anne Marie y Fran\u00e7oise en octubre de 2020 y Christine en abril de 2021.<\/p>\n<p style=\"text-align: justify;\">\u00c9l es quien nos fortalece con su Palabra de Vida, quien ilumina nuestro camino personal y comunitario, para ser un signo del Amor que Dios nos tiene en el coraz\u00f3n de este mundo multicultural del barrio de Les Mureaux\u00bb.<\/p>\n<p style=\"text-align: justify;\"><strong>San Sebasti\u00e1n<\/strong><\/p>\n<p style=\"text-align: justify;\">\u00abCuando nos enviaron por primera vez, presentamos varios s\u00edmbolos, uno de los cuales era una mochila vac\u00eda, porque empez\u00e1bamos una nueva etapa, el camino de la alianza, y quer\u00edamos estar ligeras de equipaje. Esta \u00abmochila\u00bb se fue llenando con los pasos dados hacia los dem\u00e1s, hacia aquellos a los que fuimos enviadas. Lo sentimos con lo que nos hace vivir cada d\u00eda.<\/p>\n<p style=\"text-align: justify;\">El proyecto comunitario:<\/p>\n<p style=\"text-align: justify;\">Sin tardar pudimos formular nuestro proyecto de vida comprometido para construir la comunidad. Aqu\u00ed ponemos nuestro deseo de avanzar en la b\u00fasqueda de Jes\u00fas, para descubrirlo dando vida a la nueva comunidad. Y en este viaje nos sentimos acompa\u00f1adas por Mar\u00eda e iluminados por el Esp\u00edritu Santo.<\/p>\n<p style=\"text-align: justify;\"><strong>Saint Pierre du Mont<\/strong><\/p>\n<p style=\"text-align: justify;\">Nuestro s\u00edmbolo: la jarra; Una jarra es fr\u00e1gil, nosotras tambi\u00e9n somos vulnerables. Una jarra tiene una forma y un color especiales: somos diferentes. Contiene agua, el agua es la VIDA; en \u00c1frica, es la leche de Dios El agua es para COMPARTIR.<\/p>\n<p style=\"text-align: justify;\">El Esp\u00edritu sopla donde quiere y cuando quiere, inspirando el andar\u2026<\/p>\n<p>[\/et_pb_text][\/et_pb_column][\/et_pb_row][\/et_pb_section]<\/p>\n","protected":false},"excerpt":{"rendered":"<p>Los d\u00edas 1 y 2 de octubre las Congregaciones de la Alianza (Hijas de la Cruz, Hermanas de Nuestra Se\u00f1ora de la Compasi\u00f3n, Hermanas del Salvador y de la Sant\u00edsima Virgen y Siervas de Mar\u00eda) se reunieron en la Casa Madre de las Siervas de Mar\u00eda en Anglet, para vivir un tiempo de reflexi\u00f3n y [&hellip;]<\/p>\n","protected":false},"author":1,"featured_media":4140,"comment_status":"closed","ping_status":"closed","sticky":false,"template":"","format":"standard","meta":{"_et_pb_use_builder":"on","_et_pb_old_content":"","_et_gb_content_width":"","footnotes":""},"categories":[58],"tags":[95],"class_list":["post-4135","post","type-post","status-publish","format-standard","has-post-thumbnail","hentry","category-camino-de-alianza","tag-camino-de-alianza"],"_links":{"self":[{"href":"https:\/\/ndcompassion.com\/es\/wp-json\/wp\/v2\/posts\/4135","targetHints":{"allow":["GET"]}}],"collection":[{"href":"https:\/\/ndcompassion.com\/es\/wp-json\/wp\/v2\/posts"}],"about":[{"href":"https:\/\/ndcompassion.com\/es\/wp-json\/wp\/v2\/types\/post"}],"author":[{"embeddable":true,"href":"https:\/\/ndcompassion.com\/es\/wp-json\/wp\/v2\/users\/1"}],"replies":[{"embeddable":true,"href":"https:\/\/ndcompassion.com\/es\/wp-json\/wp\/v2\/comments?post=4135"}],"version-history":[{"count":5,"href":"https:\/\/ndcompassion.com\/es\/wp-json\/wp\/v2\/posts\/4135\/revisions"}],"predecessor-version":[{"id":4144,"href":"https:\/\/ndcompassion.com\/es\/wp-json\/wp\/v2\/posts\/4135\/revisions\/4144"}],"wp:featuredmedia":[{"embeddable":true,"href":"https:\/\/ndcompassion.com\/es\/wp-json\/wp\/v2\/media\/4140"}],"wp:attachment":[{"href":"https:\/\/ndcompassion.com\/es\/wp-json\/wp\/v2\/media?parent=4135"}],"wp:term":[{"taxonomy":"category","embeddable":true,"href":"https:\/\/ndcompassion.com\/es\/wp-json\/wp\/v2\/categories?post=4135"},{"taxonomy":"post_tag","embeddable":true,"href":"https:\/\/ndcompassion.com\/es\/wp-json\/wp\/v2\/tags?post=4135"}],"curies":[{"name":"wp","href":"https:\/\/api.w.org\/{rel}","templated":true}]}}