{"id":3970,"date":"2021-07-06T09:50:21","date_gmt":"2021-07-06T08:50:21","guid":{"rendered":"https:\/\/ndcompassion.com\/?p=3970"},"modified":"2021-07-04T23:14:48","modified_gmt":"2021-07-04T22:14:48","slug":"compartiendo-nuestra-vida","status":"publish","type":"post","link":"https:\/\/ndcompassion.com\/es\/compartiendo-nuestra-vida\/","title":{"rendered":"Compartiendo nuestra Vida"},"content":{"rendered":"<p>[et_pb_section fb_built=\u00bb1&#8243; _builder_version=\u00bb4.9.4&#8243; _module_preset=\u00bbdefault\u00bb][et_pb_row _builder_version=\u00bb4.9.4&#8243; _module_preset=\u00bbdefault\u00bb][et_pb_column type=\u00bb4_4&#8243; _builder_version=\u00bb4.9.4&#8243; _module_preset=\u00bbdefault\u00bb][et_pb_text _builder_version=\u00bb4.9.4&#8243; _module_preset=\u00bbdefault\u00bb]<\/p>\n<p style=\"text-align: justify;\">La Cdad de Los Rosales ha vivido estos meses acontecimientos de dolor y \u201csorpresas\u201d. En esta situaci\u00f3n, el Se\u00f1or nos ha acompa\u00f1ado, nos ha sostenido en la partida de nuestra Hna. Milagros Diez a la edad de 89 a\u00f1os, y de algunas hermanas de las Comunidades Cristianas Compasionistas: Bertha Ly, Rosita Maldonado, Sabina Mendivil.<\/p>\n<p>[\/et_pb_text][\/et_pb_column][\/et_pb_row][et_pb_row column_structure=\u00bb3_5,2_5&#8243; _builder_version=\u00bb4.9.4&#8243; _module_preset=\u00bbdefault\u00bb vertical_offset=\u00bb-16px\u00bb][et_pb_column type=\u00bb3_5&#8243; _builder_version=\u00bb4.9.4&#8243; _module_preset=\u00bbdefault\u00bb][et_pb_text _builder_version=\u00bb4.9.4&#8243; _module_preset=\u00bbdefault\u00bb]<\/p>\n<p style=\"text-align: justify;\">La Cdad de Los Rosales ha vivido estos meses acontecimientos de dolor y \u201csorpresas\u201d. En esta situaci\u00f3n, el Se\u00f1or nos ha acompa\u00f1ado, nos ha sostenido en la partida de nuestra Hna. Milagros Diez a la edad de 89 a\u00f1os, y de algunas hermanas de las Comunidades Cristianas Compasionistas: Bertha Ly, Rosita Maldonado, Sabina Mendivil.<\/p>\n<p style=\"text-align: justify;\">Recientemente hemos \u201cdespedido\u201d a Elvia Ah\u00f3n, que durante 40 a\u00f1os dedic\u00f3 su vida a ser educadora en el colegio \u201cNtra. Sra. De la Luz\u201d- Lima (dirigido hasta el 2010 por la Congregaci\u00f3n) Con Elvia nos un\u00eda una gran amistad y supo encarnar en su vida diaria la pedagog\u00eda de la Compasi\u00f3n: \u201den clase maestra, en el recreo amiga y en particular madre\u201d, con todos los miembros de la comunidad educativa.<\/p>\n<p>[\/et_pb_text][\/et_pb_column][et_pb_column type=\u00bb2_5&#8243; _builder_version=\u00bb4.9.4&#8243; _module_preset=\u00bbdefault\u00bb][et_pb_image src=\u00bbhttps:\/\/ndcompassion.com\/wp-content\/uploads\/2021\/07\/LosRosales02_800.jpg\u00bb alt=\u00bbCdad de los Rosales. Lima (Per\u00fa)\u00bb title_text=\u00bbLosRosales02_800&#8243; _builder_version=\u00bb4.9.4&#8243; _module_preset=\u00bbdefault\u00bb animation_style=\u00bbslide\u00bb][\/et_pb_image][\/et_pb_column][\/et_pb_row][et_pb_row _builder_version=\u00bb4.9.4&#8243; _module_preset=\u00bbdefault\u00bb vertical_offset=\u00bb-32px\u00bb][et_pb_column type=\u00bb4_4&#8243; _builder_version=\u00bb4.9.4&#8243; _module_preset=\u00bbdefault\u00bb][et_pb_text _builder_version=\u00bb4.9.4&#8243; _module_preset=\u00bbdefault\u00bb]<\/p>\n<p style=\"text-align: justify;\">Tambi\u00e9n nuestra comunidad ha vivido momentos de despedida de Carmen Garc\u00eda y Judeisy Castro que fueron enviadas a Espa\u00f1a. Sabemos que no es m\u00e1s que un hasta luego, porque el Se\u00f1or nos sigue enviando cada d\u00eda a ser testigos de su Compasi\u00f3n en el lugar donde nos invita a seguir testimoniando su amor por los m\u00e1s peque\u00f1os.<\/p>\n<p style=\"text-align: justify;\">En medio de esta realidad tanto como pa\u00eds, como comunidad, sentimos que el Se\u00f1or nos anima, nos lanza a la esperanza para seguir viviendo nuestra vocaci\u00f3n, sosteniendo la vida hasta el final.<\/p>\n<p>Comunidad de Los Rosales (Lima)<\/p>\n<p>[\/et_pb_text][\/et_pb_column][\/et_pb_row][\/et_pb_section]<\/p>\n","protected":false},"excerpt":{"rendered":"<p>La Cdad de Los Rosales ha vivido estos meses acontecimientos de dolor y \u201csorpresas\u201d. En esta situaci\u00f3n, el Se\u00f1or nos ha acompa\u00f1ado, nos ha sostenido en la partida de nuestra Hna. Milagros Diez a la edad de 89 a\u00f1os, y de algunas hermanas de las Comunidades Cristianas Compasionistas: Bertha Ly, Rosita Maldonado, Sabina Mendivil.La Cdad [&hellip;]<\/p>\n","protected":false},"author":1,"featured_media":3973,"comment_status":"closed","ping_status":"closed","sticky":false,"template":"","format":"standard","meta":{"_et_pb_use_builder":"on","_et_pb_old_content":"","_et_gb_content_width":"","footnotes":""},"categories":[16],"tags":[],"class_list":["post-3970","post","type-post","status-publish","format-standard","has-post-thumbnail","hentry","category-peru"],"_links":{"self":[{"href":"https:\/\/ndcompassion.com\/es\/wp-json\/wp\/v2\/posts\/3970","targetHints":{"allow":["GET"]}}],"collection":[{"href":"https:\/\/ndcompassion.com\/es\/wp-json\/wp\/v2\/posts"}],"about":[{"href":"https:\/\/ndcompassion.com\/es\/wp-json\/wp\/v2\/types\/post"}],"author":[{"embeddable":true,"href":"https:\/\/ndcompassion.com\/es\/wp-json\/wp\/v2\/users\/1"}],"replies":[{"embeddable":true,"href":"https:\/\/ndcompassion.com\/es\/wp-json\/wp\/v2\/comments?post=3970"}],"version-history":[{"count":7,"href":"https:\/\/ndcompassion.com\/es\/wp-json\/wp\/v2\/posts\/3970\/revisions"}],"predecessor-version":[{"id":3990,"href":"https:\/\/ndcompassion.com\/es\/wp-json\/wp\/v2\/posts\/3970\/revisions\/3990"}],"wp:featuredmedia":[{"embeddable":true,"href":"https:\/\/ndcompassion.com\/es\/wp-json\/wp\/v2\/media\/3973"}],"wp:attachment":[{"href":"https:\/\/ndcompassion.com\/es\/wp-json\/wp\/v2\/media?parent=3970"}],"wp:term":[{"taxonomy":"category","embeddable":true,"href":"https:\/\/ndcompassion.com\/es\/wp-json\/wp\/v2\/categories?post=3970"},{"taxonomy":"post_tag","embeddable":true,"href":"https:\/\/ndcompassion.com\/es\/wp-json\/wp\/v2\/tags?post=3970"}],"curies":[{"name":"wp","href":"https:\/\/api.w.org\/{rel}","templated":true}]}}