{"id":3879,"date":"2021-05-05T21:38:28","date_gmt":"2021-05-05T20:38:28","guid":{"rendered":"https:\/\/ndcompassion.com\/?p=3879"},"modified":"2021-05-05T21:38:31","modified_gmt":"2021-05-05T20:38:31","slug":"fiesta-de-la-compasion-26-de-marzo-de-2021-comunidades-de-villaverde-casablanca-madrid","status":"publish","type":"post","link":"https:\/\/ndcompassion.com\/es\/fiesta-de-la-compasion-26-de-marzo-de-2021-comunidades-de-villaverde-casablanca-madrid\/","title":{"rendered":"Fiesta de la  Compasi\u00f3n: 26 de marzo de 2021. Comunidades de Villaverde-Casablanca (Madrid)"},"content":{"rendered":"<p>[et_pb_section fb_built=\u00bb1&#8243; _builder_version=\u00bb4.9.4&#8243; _module_preset=\u00bbdefault\u00bb][et_pb_row _builder_version=\u00bb4.9.4&#8243; _module_preset=\u00bbdefault\u00bb][et_pb_column _builder_version=\u00bb4.9.4&#8243; _module_preset=\u00bbdefault\u00bb type=\u00bb4_4&#8243;][et_pb_text _builder_version=\u00bb4.9.4&#8243; _module_preset=\u00bbdefault\u00bb hover_enabled=\u00bb0&#8243; sticky_enabled=\u00bb0&#8243;]<\/p>\n<p style=\"text-align: justify;\">Tras m\u00e1s de un a\u00f1o de esta situaci\u00f3n de pandemia, a la que no est\u00e1bamos acostumbradas, han surgido iniciativas sencillas que nos han permitido experimentar la cercan\u00eda, la fraternidad y la celebraci\u00f3n.<\/p>\n<p style=\"text-align: justify;\">Durante un tiempo, Mar\u00eda, laica que trabaja en la comunidad, junto con Laura, terapeuta de la Residencia Casablanca, hicieron posible que estuvi\u00e9ramos celebrando la Eucarist\u00eda \u201cconectadas\u201d en formato on line. Todas disfrutamos de poder estar \u201cjuntas\u201d.<\/p>\n<p>[\/et_pb_text][\/et_pb_column][\/et_pb_row][et_pb_row _builder_version=\u00bb4.9.4&#8243; _module_preset=\u00bbdefault\u00bb][et_pb_column _builder_version=\u00bb4.9.4&#8243; _module_preset=\u00bbdefault\u00bb type=\u00bb4_4&#8243;][et_pb_video _builder_version=\u00bb4.9.4&#8243; _module_preset=\u00bbdefault\u00bb hover_enabled=\u00bb0&#8243; sticky_enabled=\u00bb0&#8243; src=\u00bbhttps:\/\/youtu.be\/PcarCQjx3h8&#8243;][\/et_pb_video][\/et_pb_column][\/et_pb_row][et_pb_row _builder_version=\u00bb4.9.4&#8243; _module_preset=\u00bbdefault\u00bb][et_pb_column _builder_version=\u00bb4.9.4&#8243; _module_preset=\u00bbdefault\u00bb type=\u00bb4_4&#8243;][et_pb_text _builder_version=\u00bb4.9.4&#8243; _module_preset=\u00bbdefault\u00bb hover_enabled=\u00bb0&#8243; sticky_enabled=\u00bb0&#8243;]<\/p>\n<p style=\"text-align: justify;\">La idea central para celebrar la eucarist\u00eda que compartimos fue: <strong>\u201cSTABAT MATER DOLOROSA IUXTA CRUCEM LACRIMOSA\u201d<\/strong>. Y como signo visible se colocaron dos bandejas con tierra donde se clavaron 15 crucecitas, en una, y 18 en la otra. Cada bandeja representaba a las Hermanas de uno y otro lugar. Durante mucho tiempo hemos vivido <em>\u201cal lado de la cruz de los dem\u00e1s\u201d para que la pudieran llevar<\/em>.<\/p>\n<p style=\"text-align: justify;\">Esa actitud no ha cesado, pero se ha a\u00f1adido algo que nos trae la edad: <em>nuestras cruces de achaques, de falta de fuerzas que llevamos encima<\/em>. Somos portadoras de una cruz y llev\u00e1ndola como Mar\u00eda, ayudamos a que las dem\u00e1s lleven su cruz. En el Evangelio, solo habla el que muere y entrega todo a los dem\u00e1s. Es tan sagrado el momento, que solo se entiende en SILENCIO de amor y de entrega. El que nos ama, habla y hace. Y le escuchan y aprenden los que en SILENCIO est\u00e1n <em>IUXTA CRUCEM<\/em>.<\/p>\n<p style=\"text-align: justify;\">Merche Ginel<\/p>\n<p>[\/et_pb_text][\/et_pb_column][\/et_pb_row][\/et_pb_section]<\/p>\n","protected":false},"excerpt":{"rendered":"<p>Tras m\u00e1s de un a\u00f1o de esta situaci\u00f3n de pandemia, a la que no est\u00e1bamos acostumbradas, han surgido iniciativas sencillas que nos han permitido experimentar la cercan\u00eda, la fraternidad y la celebraci\u00f3n. Durante un tiempo, Mar\u00eda, laica que trabaja en la comunidad, junto con Laura, terapeuta de la Residencia Casablanca, hicieron posible que estuvi\u00e9ramos celebrando [&hellip;]<\/p>\n","protected":false},"author":1,"featured_media":3884,"comment_status":"closed","ping_status":"closed","sticky":false,"template":"","format":"standard","meta":{"_et_pb_use_builder":"on","_et_pb_old_content":"","_et_gb_content_width":"","footnotes":""},"categories":[13],"tags":[68],"class_list":["post-3879","post","type-post","status-publish","format-standard","has-post-thumbnail","hentry","category-espana","tag-compasion"],"_links":{"self":[{"href":"https:\/\/ndcompassion.com\/es\/wp-json\/wp\/v2\/posts\/3879","targetHints":{"allow":["GET"]}}],"collection":[{"href":"https:\/\/ndcompassion.com\/es\/wp-json\/wp\/v2\/posts"}],"about":[{"href":"https:\/\/ndcompassion.com\/es\/wp-json\/wp\/v2\/types\/post"}],"author":[{"embeddable":true,"href":"https:\/\/ndcompassion.com\/es\/wp-json\/wp\/v2\/users\/1"}],"replies":[{"embeddable":true,"href":"https:\/\/ndcompassion.com\/es\/wp-json\/wp\/v2\/comments?post=3879"}],"version-history":[{"count":5,"href":"https:\/\/ndcompassion.com\/es\/wp-json\/wp\/v2\/posts\/3879\/revisions"}],"predecessor-version":[{"id":3887,"href":"https:\/\/ndcompassion.com\/es\/wp-json\/wp\/v2\/posts\/3879\/revisions\/3887"}],"wp:featuredmedia":[{"embeddable":true,"href":"https:\/\/ndcompassion.com\/es\/wp-json\/wp\/v2\/media\/3884"}],"wp:attachment":[{"href":"https:\/\/ndcompassion.com\/es\/wp-json\/wp\/v2\/media?parent=3879"}],"wp:term":[{"taxonomy":"category","embeddable":true,"href":"https:\/\/ndcompassion.com\/es\/wp-json\/wp\/v2\/categories?post=3879"},{"taxonomy":"post_tag","embeddable":true,"href":"https:\/\/ndcompassion.com\/es\/wp-json\/wp\/v2\/tags?post=3879"}],"curies":[{"name":"wp","href":"https:\/\/api.w.org\/{rel}","templated":true}]}}