{"id":3814,"date":"2021-04-26T09:32:23","date_gmt":"2021-04-26T08:32:23","guid":{"rendered":"https:\/\/ndcompassion.com\/?p=3814"},"modified":"2021-04-26T09:32:26","modified_gmt":"2021-04-26T08:32:26","slug":"un-saludo-desde-dos-hermanas","status":"publish","type":"post","link":"https:\/\/ndcompassion.com\/es\/un-saludo-desde-dos-hermanas\/","title":{"rendered":"Un saludo desde Dos Hermanas"},"content":{"rendered":"<p>[et_pb_section fb_built=\u00bb1&#8243; _builder_version=\u00bb4.9.4&#8243; _module_preset=\u00bbdefault\u00bb][et_pb_row _builder_version=\u00bb4.9.4&#8243; _module_preset=\u00bbdefault\u00bb][et_pb_column _builder_version=\u00bb4.9.4&#8243; _module_preset=\u00bbdefault\u00bb type=\u00bb4_4&#8243;][et_pb_text _builder_version=\u00bb4.9.4&#8243; _module_preset=\u00bbdefault\u00bb hover_enabled=\u00bb0&#8243; sticky_enabled=\u00bb0&#8243;]<\/p>\n<p style=\"text-align: justify;\"><strong>\u201cUn saludo desde Dos Hermanas\u201d, (Sevilla)<\/strong> y en concreto desde el Colegio Nuestra Se\u00f1ora de la Compasi\u00f3n.<\/p>\n<p style=\"text-align: justify;\">Soy Rosana Mart\u00ednez Arana, antigua alumna del colegio, laica Compasionista, profesora de m\u00fasica y religi\u00f3n, y desde hace unos a\u00f1os miembro del equipo directivo, primero como Jefa de Estudios en la etapa de secundaria y en la actualidad como directora del colegio y de su Escuela de M\u00fasica.<\/p>\n<p style=\"text-align: justify;\">Como sab\u00e9is, el colegio y la Fundaci\u00f3n Compasionista se comunican por distintas redes y hacen llegar a toda la comunidad Educativa y a qui\u00e9n nos sigue las distintas actividades que realizamos.<\/p>\n<p style=\"text-align: justify;\">Hoy lo hago personalmente en la web de la Congregaci\u00f3n.<\/p>\n<p>[\/et_pb_text][\/et_pb_column][\/et_pb_row][et_pb_row _builder_version=\u00bb4.9.4&#8243; _module_preset=\u00bbdefault\u00bb column_structure=\u00bb3_5,2_5&#8243; vertical_offset=\u00bb-16px\u00bb hover_enabled=\u00bb0&#8243; sticky_enabled=\u00bb0&#8243;][et_pb_column _builder_version=\u00bb4.9.4&#8243; _module_preset=\u00bbdefault\u00bb type=\u00bb3_5&#8243;][et_pb_text _builder_version=\u00bb4.9.4&#8243; _module_preset=\u00bbdefault\u00bb hover_enabled=\u00bb0&#8243; sticky_enabled=\u00bb0&#8243;]<\/p>\n<p style=\"text-align: justify;\">Llevamos unos a\u00f1os inmersos en un proceso de cambio generacional en la plantilla y este curso en concreto, por distintas circunstancias (jubilaciones, incapacidad temporal, pandemia,&#8230;) hay un grupo numeroso de profesorado nuevo.<\/p>\n<p>[\/et_pb_text][\/et_pb_column][et_pb_column _builder_version=\u00bb4.9.4&#8243; _module_preset=\u00bbdefault\u00bb type=\u00bb2_5&#8243;][et_pb_image _builder_version=\u00bb4.9.4&#8243; _module_preset=\u00bbdefault\u00bb alt=\u00bbColegio Ntra Sra de la Compasi\u00f3n\u00bb title_text=\u00bbDosHermanas02_800&#8243; src=\u00bbhttps:\/\/ndcompassion.com\/wp-content\/uploads\/2021\/04\/DosHermanas02_800.jpeg\u00bb hover_enabled=\u00bb0&#8243; sticky_enabled=\u00bb0&#8243;][\/et_pb_image][\/et_pb_column][\/et_pb_row][et_pb_row _builder_version=\u00bb4.9.4&#8243; _module_preset=\u00bbdefault\u00bb vertical_offset=\u00bb-32px\u00bb hover_enabled=\u00bb0&#8243; sticky_enabled=\u00bb0&#8243;][et_pb_column _builder_version=\u00bb4.9.4&#8243; _module_preset=\u00bbdefault\u00bb type=\u00bb4_4&#8243;][et_pb_text _builder_version=\u00bb4.9.4&#8243; _module_preset=\u00bbdefault\u00bb hover_enabled=\u00bb0&#8243; sticky_enabled=\u00bb0&#8243;]<\/p>\n<p style=\"text-align: justify;\">Analizando la actual composici\u00f3n del claustro, el equipo directivo vio la necesidad de elaborar y desarrollar un plan de acogida y acompa\u00f1amiento dirigido a este grupo, para que conocieran lo que marca, da vida y es la l\u00ednea del colegio: La Compasi\u00f3n.<\/p>\n<p style=\"text-align: justify;\">Dicho plan consta de 2 partes bien diferenciadas. Una trata toda la parte de organizaci\u00f3n y funcionamiento del centro y otra da a conocer y profundiza en el carisma Compasionista.<\/p>\n<p style=\"text-align: justify;\">Para llevar a cabo la primera parte del plan, se han elegido tutores (profesorado veterano) y asignado un profesor nuevo.<\/p>\n<p style=\"text-align: justify;\">Para la parte de carisma, son las Hermanas de la Comunidad del colegio: Mar\u00eda Jes\u00fas Fern\u00e1ndez de Coss\u00edo, Natividad Hortelano Pastor y Ma Cruz Salinas San Mart\u00edn las que lo est\u00e1n llevando a cabo con much\u00edsimo entusiasmo.<\/p>\n<p style=\"text-align: justify;\">El plan se ha temporalizado y organizado en diferentes fases. En la primera, las hermanas presentaron y hablaron del Carisma y en las posteriores est\u00e1n con el acompa\u00f1amiento personal al profesorado nuevo, continuando con lo iniciado de Carisma.<\/p>\n<p style=\"text-align: justify;\">Contamos que esta experiencia nueva, sea positiva y enriquecedora tanto para el profesorado, como para las hermanas y el Colegio.<\/p>\n<p style=\"text-align: right;\">Les saluda atentamente,<br \/>Rosana Mart\u00ednez Arana<\/p>\n<p>[\/et_pb_text][\/et_pb_column][\/et_pb_row][\/et_pb_section]<\/p>\n","protected":false},"excerpt":{"rendered":"<p>\u201cUn saludo desde Dos Hermanas\u201d, (Sevilla) y en concreto desde el Colegio Nuestra Se\u00f1ora de la Compasi\u00f3n. Soy Rosana Mart\u00ednez Arana, antigua alumna del colegio, laica Compasionista, profesora de m\u00fasica y religi\u00f3n, y desde hace unos a\u00f1os miembro del equipo directivo, primero como Jefa de Estudios en la etapa de secundaria y en la actualidad [&hellip;]<\/p>\n","protected":false},"author":1,"featured_media":3822,"comment_status":"closed","ping_status":"closed","sticky":false,"template":"","format":"standard","meta":{"_et_pb_use_builder":"on","_et_pb_old_content":"","_et_gb_content_width":"","footnotes":""},"categories":[19,13],"tags":[],"class_list":["post-3814","post","type-post","status-publish","format-standard","has-post-thumbnail","hentry","category-educacion","category-espana"],"_links":{"self":[{"href":"https:\/\/ndcompassion.com\/es\/wp-json\/wp\/v2\/posts\/3814","targetHints":{"allow":["GET"]}}],"collection":[{"href":"https:\/\/ndcompassion.com\/es\/wp-json\/wp\/v2\/posts"}],"about":[{"href":"https:\/\/ndcompassion.com\/es\/wp-json\/wp\/v2\/types\/post"}],"author":[{"embeddable":true,"href":"https:\/\/ndcompassion.com\/es\/wp-json\/wp\/v2\/users\/1"}],"replies":[{"embeddable":true,"href":"https:\/\/ndcompassion.com\/es\/wp-json\/wp\/v2\/comments?post=3814"}],"version-history":[{"count":8,"href":"https:\/\/ndcompassion.com\/es\/wp-json\/wp\/v2\/posts\/3814\/revisions"}],"predecessor-version":[{"id":3827,"href":"https:\/\/ndcompassion.com\/es\/wp-json\/wp\/v2\/posts\/3814\/revisions\/3827"}],"wp:featuredmedia":[{"embeddable":true,"href":"https:\/\/ndcompassion.com\/es\/wp-json\/wp\/v2\/media\/3822"}],"wp:attachment":[{"href":"https:\/\/ndcompassion.com\/es\/wp-json\/wp\/v2\/media?parent=3814"}],"wp:term":[{"taxonomy":"category","embeddable":true,"href":"https:\/\/ndcompassion.com\/es\/wp-json\/wp\/v2\/categories?post=3814"},{"taxonomy":"post_tag","embeddable":true,"href":"https:\/\/ndcompassion.com\/es\/wp-json\/wp\/v2\/tags?post=3814"}],"curies":[{"name":"wp","href":"https:\/\/api.w.org\/{rel}","templated":true}]}}