{"id":3736,"date":"2021-03-17T12:49:20","date_gmt":"2021-03-17T11:49:20","guid":{"rendered":"https:\/\/ndcompassion.com\/?p=3736"},"modified":"2021-03-17T13:07:36","modified_gmt":"2021-03-17T12:07:36","slug":"viii-marcha-por-la-dignidad","status":"publish","type":"post","link":"https:\/\/ndcompassion.com\/es\/viii-marcha-por-la-dignidad\/","title":{"rendered":"VIII Marcha por la dignidad"},"content":{"rendered":"<p>[et_pb_section fb_built=\u00bb1&#8243; _builder_version=\u00bb4.6.5&#8243; _module_preset=\u00bbdefault\u00bb][et_pb_row _builder_version=\u00bb4.6.5&#8243; _module_preset=\u00bbdefault\u00bb][et_pb_column type=\u00bb4_4&#8243; _builder_version=\u00bb4.6.5&#8243; _module_preset=\u00bbdefault\u00bb][et_pb_text _builder_version=\u00bb4.6.5&#8243; _module_preset=\u00bbdefault\u00bb]<\/p>\n<p style=\"text-align: justify;\"><strong>6 DE FEBRERO DE 2014<\/strong><\/p>\n<p style=\"text-align: justify;\">Tarajal: Racismo institucional<\/p>\n<p style=\"text-align: justify;\">90 personas migrantes intentaron entrar a nado por la frontera de la playa del Tarajal, Ceuta y agentes de la Guardia Civil intentaron impedir su llegada a suelo espa\u00f1ol. Hubo 14 muertos y 23 devoluciones<\/p>\n<p style=\"text-align: justify;\"><strong>6 Febrero 2021- 7 a\u00f1os despu\u00e9s seguimos buscando justicia<\/strong><\/p>\n<p style=\"text-align: justify;\">Debido a la pandemia este a\u00f1o no podremos hacer memoria en el Tarajal, como se ven\u00eda haciendo otros a\u00f1os, pero seguimos recordando lo sucedido en 2014. No queremos que esta fecha quede en el olvido.<\/p>\n<p style=\"text-align: justify;\">Desde la Asociaci\u00f3n por los Derechos Humanos de Andaluc\u00eda, de la que somos parte activa la Comunidad de C\u00e1diz, hemos convocado una Mesa Redonda por streaming para reclamar una pol\u00edtica migratoria que respete los derechos humanos. Hemos participado m\u00e1s de 400 personas en este acto de reivindicaci\u00f3n y denuncia de la injusticia y legitimaci\u00f3n de la violaci\u00f3n de los Derechos Humanos por parte del Gobierno espa\u00f1ol.<\/p>\n<h3>\u00a0<\/h3>\n<h3 style=\"text-align: justify;\"><div class='et-box et-shadow'>\n\t\t\t\t\t<div class='et-box-content'>NO M\u00c1S VALLAS, NO M\u00c1S MUROS. TARAJAL NUNCA M\u00c1S<\/div><\/div><\/h3>\n<p>[\/et_pb_text][\/et_pb_column][\/et_pb_row][et_pb_row _builder_version=\u00bb4.6.5&#8243; _module_preset=\u00bbdefault\u00bb][et_pb_column type=\u00bb4_4&#8243; _builder_version=\u00bb4.6.5&#8243; _module_preset=\u00bbdefault\u00bb][et_pb_image src=\u00bbhttps:\/\/ndcompassion.com\/wp-content\/uploads\/2021\/03\/MarchaTarajal02_1100.jpg\u00bb alt=\u00bbTarajal\u00bb title_text=\u00bbMarchaTarajal02_1100&#8243; _builder_version=\u00bb4.6.5&#8243; _module_preset=\u00bbdefault\u00bb animation_style=\u00bbslide\u00bb][\/et_pb_image][\/et_pb_column][\/et_pb_row][et_pb_row column_structure=\u00bb1_2,1_2&#8243; _builder_version=\u00bb4.6.5&#8243; _module_preset=\u00bbdefault\u00bb][et_pb_column type=\u00bb1_2&#8243; _builder_version=\u00bb4.6.5&#8243; _module_preset=\u00bbdefault\u00bb][et_pb_text _builder_version=\u00bb4.6.5&#8243; _module_preset=\u00bbdefault\u00bb hover_enabled=\u00bb0&#8243; sticky_enabled=\u00bb0&#8243;]<\/p>\n<p style=\"text-align: justify;\">No hay quien ponga barreras al sue\u00f1o de la esperanza.<\/p>\n<p style=\"text-align: justify;\"><strong>Puentes de fraternidad y acogida<\/strong><\/p>\n<p style=\"text-align: justify;\">Colaborar con esta Asociaci\u00f3n nos mantiene atentas a cualquier violaci\u00f3n de los Derechos Humanos en nuestras fronteras y en nuestros barrios. Nos hace compa\u00f1eras de camino con todas las personas que forman parte de estas \u201ccorrientes de compasi\u00f3n\u201d que recorren<\/p>\n<p>[\/et_pb_text][\/et_pb_column][et_pb_column type=\u00bb1_2&#8243; _builder_version=\u00bb4.6.5&#8243; _module_preset=\u00bbdefault\u00bb][et_pb_image src=\u00bbhttps:\/\/ndcompassion.com\/wp-content\/uploads\/2021\/03\/MarchaTarajal03_700.jpg\u00bb alt=\u00bbTarajal\u00bb title_text=\u00bbMarchaTarajal03_700&#8243; _builder_version=\u00bb4.6.5&#8243; _module_preset=\u00bbdefault\u00bb animation_style=\u00bbslide\u00bb][\/et_pb_image][\/et_pb_column][\/et_pb_row][et_pb_row _builder_version=\u00bb4.6.5&#8243; _module_preset=\u00bbdefault\u00bb vertical_offset=\u00bb-24px\u00bb hover_enabled=\u00bb0&#8243; sticky_enabled=\u00bb0&#8243;][et_pb_column type=\u00bb4_4&#8243; _builder_version=\u00bb4.6.5&#8243; _module_preset=\u00bbdefault\u00bb][et_pb_text _builder_version=\u00bb4.6.5&#8243; _module_preset=\u00bbdefault\u00bb hover_enabled=\u00bb0&#8243; sticky_enabled=\u00bb0&#8243;]<\/p>\n<p style=\"text-align: justify;\">nuestro mundo. Hacemos nuestro el dolor de tantos migrantes que sufren estas tremendas injusticias.<\/p>\n<p style=\"text-align: justify;\">Nuestras Constituciones nos dicen: \u201c\u2026 solidaridad con los que trabajan para que desaparezcan las causas que generan la injusticia\u201d (Const. n\u00ba 6) y el Comunicado del XXII Cap\u00edtulo General n\u00ba 22 \u201cLa mirada de Compasi\u00f3n sobre el mundo de hoy\u2026 nos hace descubrir la sed de reconocimiento y dignidad que nos llega desde los m\u00e1s vulnerables, los que son despreciados y descartados\u2026acogemos la llamada a seguir estando cerca de ellos, atentas a su clamor y dispuestas a acompa\u00f1arlos\u2026. En un camino solidario y fraterno\u201d.<\/p>\n<p style=\"text-align: justify;\">Intentamos hacer vida estas palabras as\u00ed como las del Lev\u00edtico: Lev. 33-34: Cuando un emigrante se establezca entre vosotros, en vuestro pa\u00eds, no lo oprim\u00e1is &#8230; lo tratar\u00e9is como uno de vosotros\u201d<\/p>\n<p style=\"text-align: justify;\">Y las del evangelio de Mt. 25,35 \u201cFui extranjero y me acogiste \u201c<\/p>\n<p style=\"text-align: justify;\">Comunidad de C\u00e1diz<\/p>\n<p>[\/et_pb_text][\/et_pb_column][\/et_pb_row][\/et_pb_section]<\/p>\n","protected":false},"excerpt":{"rendered":"<p>6 DE FEBRERO DE 2014 Tarajal: Racismo institucional 90 personas migrantes intentaron entrar a nado por la frontera de la playa del Tarajal, Ceuta y agentes de la Guardia Civil intentaron impedir su llegada a suelo espa\u00f1ol. Hubo 14 muertos y 23 devoluciones 6 Febrero 2021- 7 a\u00f1os despu\u00e9s seguimos buscando justicia Debido a la [&hellip;]<\/p>\n","protected":false},"author":1,"featured_media":3743,"comment_status":"closed","ping_status":"closed","sticky":false,"template":"","format":"standard","meta":{"_et_pb_use_builder":"on","_et_pb_old_content":"","_et_gb_content_width":"","footnotes":""},"categories":[13],"tags":[111,112],"class_list":["post-3736","post","type-post","status-publish","format-standard","has-post-thumbnail","hentry","category-espana","tag-inmigracion","tag-tarajal"],"_links":{"self":[{"href":"https:\/\/ndcompassion.com\/es\/wp-json\/wp\/v2\/posts\/3736","targetHints":{"allow":["GET"]}}],"collection":[{"href":"https:\/\/ndcompassion.com\/es\/wp-json\/wp\/v2\/posts"}],"about":[{"href":"https:\/\/ndcompassion.com\/es\/wp-json\/wp\/v2\/types\/post"}],"author":[{"embeddable":true,"href":"https:\/\/ndcompassion.com\/es\/wp-json\/wp\/v2\/users\/1"}],"replies":[{"embeddable":true,"href":"https:\/\/ndcompassion.com\/es\/wp-json\/wp\/v2\/comments?post=3736"}],"version-history":[{"count":14,"href":"https:\/\/ndcompassion.com\/es\/wp-json\/wp\/v2\/posts\/3736\/revisions"}],"predecessor-version":[{"id":3766,"href":"https:\/\/ndcompassion.com\/es\/wp-json\/wp\/v2\/posts\/3736\/revisions\/3766"}],"wp:featuredmedia":[{"embeddable":true,"href":"https:\/\/ndcompassion.com\/es\/wp-json\/wp\/v2\/media\/3743"}],"wp:attachment":[{"href":"https:\/\/ndcompassion.com\/es\/wp-json\/wp\/v2\/media?parent=3736"}],"wp:term":[{"taxonomy":"category","embeddable":true,"href":"https:\/\/ndcompassion.com\/es\/wp-json\/wp\/v2\/categories?post=3736"},{"taxonomy":"post_tag","embeddable":true,"href":"https:\/\/ndcompassion.com\/es\/wp-json\/wp\/v2\/tags?post=3736"}],"curies":[{"name":"wp","href":"https:\/\/api.w.org\/{rel}","templated":true}]}}