{"id":3693,"date":"2021-01-11T08:38:11","date_gmt":"2021-01-11T07:38:11","guid":{"rendered":"https:\/\/ndcompassion.com\/?p=3693"},"modified":"2021-01-18T13:56:37","modified_gmt":"2021-01-18T12:56:37","slug":"entrevista-a-cesar-villareal-por-natasha-taikal","status":"publish","type":"post","link":"https:\/\/ndcompassion.com\/es\/entrevista-a-cesar-villareal-por-natasha-taikal\/","title":{"rendered":"Entrevista a C\u00e9sar Villareal por Natasha Taikal"},"content":{"rendered":"<p>[et_pb_section fb_built=\u00bb1&#8243; admin_label=\u00bbsection\u00bb _builder_version=\u00bb3.22&#8243;][et_pb_row column_structure=\u00bb3_5,2_5&#8243; _builder_version=\u00bb4.6.5&#8243; _module_preset=\u00bbdefault\u00bb][et_pb_column type=\u00bb3_5&#8243; _builder_version=\u00bb4.6.5&#8243; _module_preset=\u00bbdefault\u00bb][et_pb_text _builder_version=\u00bb4.6.5&#8243; _module_preset=\u00bbdefault\u00bb]<\/p>\n<p style=\"text-align: justify;\">\u00a1Hoy est\u00e1 con nosotros C\u00e9sar Villareal, finalista del Premio Garrigou 2019 en la categor\u00eda infantil! De la mano de la Fundaci\u00f3n Mauricio Garrigou, a trav\u00e9s del hashtag #yoParticipo, cuyo premio resalta el Emprendimiento de personas con discapacidad.<\/p>\n<p style=\"text-align: justify;\">Algunos de sus dibujos se han utilizado para ilustrar, junto con los de Andrea Matar\u00ed, la agenda del Centro Mar\u00eda Corredentora, en Madrid para el curso 2020-21.<\/p>\n<p>[\/et_pb_text][\/et_pb_column][et_pb_column type=\u00bb2_5&#8243; _builder_version=\u00bb4.6.5&#8243; _module_preset=\u00bbdefault\u00bb][et_pb_image src=\u00bbhttps:\/\/ndcompassion.com\/wp-content\/uploads\/2021\/01\/Natalia.jpg\u00bb alt=\u00bbPeriodista Natalia\u00bb title_text=\u00bbNatalia\u00bb _builder_version=\u00bb4.6.5&#8243; _module_preset=\u00bbdefault\u00bb animation_style=\u00bbslide\u00bb][\/et_pb_image][\/et_pb_column][\/et_pb_row][et_pb_row admin_label=\u00bbrow\u00bb _builder_version=\u00bb4.6.5&#8243; background_size=\u00bbinitial\u00bb background_position=\u00bbtop_left\u00bb background_repeat=\u00bbrepeat\u00bb vertical_offset=\u00bb-16px\u00bb][et_pb_column type=\u00bb4_4&#8243; _builder_version=\u00bb3.25&#8243; custom_padding=\u00bb|||\u00bb custom_padding__hover=\u00bb|||\u00bb][et_pb_text _builder_version=\u00bb4.6.5&#8243; _module_preset=\u00bbdefault\u00bb]<\/p>\n<p style=\"text-align: justify;\">Periodista: \u00bfC\u00f3mo conociste el concurso y por qu\u00e9 te animaste a participar?<\/p>\n<p style=\"text-align: justify;\">C\u00e9sar: Me lo dijo mi madre. (La madre de C\u00e9sar coment\u00f3 que se enter\u00f3 del concurso a trav\u00e9s de un correo electr\u00f3nico desde la Fundaci\u00f3n Prodis, que es donde \u00e9l estudia).<\/p>\n<p style=\"text-align: justify;\">P. \u00bfQu\u00e9 tal te sentiste al ser finalista en el concurso? Cu\u00e9ntame un poco de esa experiencia.<\/p>\n<p style=\"text-align: justify;\">C. Me he sentido orgulloso, responsable, aunque todo ha sido f\u00e1cil, hacer el concurso, mejorar y ser m\u00e1s feliz para llegar a las metas. Tengo planes, para mejorar la vida y mis actos.<\/p>\n<p style=\"text-align: justify;\">P. Con todos los dibujos que has hecho, como la colaboraci\u00f3n en la agenda escolar, muchos m\u00e1s ni\u00f1os van a ver tus dibujos, \u00bfc\u00f3mo te hace sentir eso?<\/p>\n<p style=\"text-align: justify;\">C. Mola dibujar y compartir con la gente. Y yo estoy deseando que mis proyectos de dibujos los pueda vender en una tienda. Puedo ser un famoso artista (se r\u00ede mientras lo dice).<\/p>\n<p style=\"text-align: justify;\">P. El apoyo de la familia es vital y m\u00e1s el de una madre, por tanto, \u00bfqu\u00e9 le dir\u00edas a otros padres para que animasen a sus hijos a participar en pr\u00f3ximas ediciones del Premio?<\/p>\n<p style=\"text-align: justify;\">C. Que se animen a pintar un dibujo atractivo y algo que sea alucinante, para compartirlo con una buena sonrisa.<\/p>\n<p>[\/et_pb_text][\/et_pb_column][\/et_pb_row][\/et_pb_section]<\/p>\n","protected":false},"excerpt":{"rendered":"<p>\u00a1Hoy est\u00e1 con nosotros C\u00e9sar Villareal, finalista del Premio Garrigou 2019 en la categor\u00eda infantil! De la mano de la Fundaci\u00f3n Mauricio Garrigou, a trav\u00e9s del hashtag #yoParticipo, cuyo premio resalta el Emprendimiento de personas con discapacidad. Algunos de sus dibujos se han utilizado para ilustrar, junto con los de Andrea Matar\u00ed, la agenda del [&hellip;]<\/p>\n","protected":false},"author":1,"featured_media":3696,"comment_status":"closed","ping_status":"closed","sticky":false,"template":"","format":"standard","meta":{"_et_pb_use_builder":"on","_et_pb_old_content":"","_et_gb_content_width":"","footnotes":""},"categories":[13],"tags":[],"class_list":["post-3693","post","type-post","status-publish","format-standard","has-post-thumbnail","hentry","category-espana"],"_links":{"self":[{"href":"https:\/\/ndcompassion.com\/es\/wp-json\/wp\/v2\/posts\/3693","targetHints":{"allow":["GET"]}}],"collection":[{"href":"https:\/\/ndcompassion.com\/es\/wp-json\/wp\/v2\/posts"}],"about":[{"href":"https:\/\/ndcompassion.com\/es\/wp-json\/wp\/v2\/types\/post"}],"author":[{"embeddable":true,"href":"https:\/\/ndcompassion.com\/es\/wp-json\/wp\/v2\/users\/1"}],"replies":[{"embeddable":true,"href":"https:\/\/ndcompassion.com\/es\/wp-json\/wp\/v2\/comments?post=3693"}],"version-history":[{"count":6,"href":"https:\/\/ndcompassion.com\/es\/wp-json\/wp\/v2\/posts\/3693\/revisions"}],"predecessor-version":[{"id":3710,"href":"https:\/\/ndcompassion.com\/es\/wp-json\/wp\/v2\/posts\/3693\/revisions\/3710"}],"wp:featuredmedia":[{"embeddable":true,"href":"https:\/\/ndcompassion.com\/es\/wp-json\/wp\/v2\/media\/3696"}],"wp:attachment":[{"href":"https:\/\/ndcompassion.com\/es\/wp-json\/wp\/v2\/media?parent=3693"}],"wp:term":[{"taxonomy":"category","embeddable":true,"href":"https:\/\/ndcompassion.com\/es\/wp-json\/wp\/v2\/categories?post=3693"},{"taxonomy":"post_tag","embeddable":true,"href":"https:\/\/ndcompassion.com\/es\/wp-json\/wp\/v2\/tags?post=3693"}],"curies":[{"name":"wp","href":"https:\/\/api.w.org\/{rel}","templated":true}]}}