{"id":3640,"date":"2020-12-01T23:23:23","date_gmt":"2020-12-01T22:23:23","guid":{"rendered":"https:\/\/ndcompassion.com\/?p=3640"},"modified":"2020-12-01T23:23:27","modified_gmt":"2020-12-01T22:23:27","slug":"cuidando-la-compasion-para-cuidar","status":"publish","type":"post","link":"https:\/\/ndcompassion.com\/es\/cuidando-la-compasion-para-cuidar\/","title":{"rendered":"Cuidando la Compasi\u00f3n \u2013 para cuidar"},"content":{"rendered":"<p>[et_pb_section fb_built=\u00bb1&#8243; _builder_version=\u00bb4.6.5&#8243; _module_preset=\u00bbdefault\u00bb][et_pb_row _builder_version=\u00bb4.6.5&#8243; _module_preset=\u00bbdefault\u00bb][et_pb_column type=\u00bb4_4&#8243; _builder_version=\u00bb4.6.5&#8243; _module_preset=\u00bbdefault\u00bb][et_pb_text _builder_version=\u00bb4.6.5&#8243; _module_preset=\u00bbdefault\u00bb]<\/p>\n<p style=\"text-align: justify;\"><em>Alguien dice: \u201cla \u00fanica suposici\u00f3n previa necesaria para un tal renacimiento espiritual parece ser, esta capacidad de recepci\u00f3n que est\u00e1 en el fondo de la estructura de la persona. (Edith Stein)<\/em><\/p>\n<p style=\"text-align: justify;\">Las Hermanas de la Compasi\u00f3n de Sanduzelai (Pamplona), miramos este tiempo que nos toca vivir, e intentamos descubrir, las interrupciones de ciertas actividades y de nuestra propia vida, como oportunidades. Los acontecimientos, como modelados por las manos de un Alfarero que modela su arcilla y que solo nos pide que nos abandonemos a \u00c9l. Porque es mucha la vida que hay que gestar, cuidar, si queremos hacer presente al Dios Compasivo.<\/p>\n<p style=\"text-align: justify;\">Las situaciones inesperadas que se van sucediendo en esta pandemia y post \u2013 pandemia, son invitaciones a cuidarnos para cuidar, a avanzar y a descubrir otras \u00e1reas menos exploradas de nuestro ser y experiencia, ocasiones para ponernos a buscar nuevas fuentes de energ\u00eda, de vitalidad de dinamismos de la Compasi\u00f3n.<\/p>\n<p style=\"text-align: justify;\">La Laudato s\u00ed, nos recuerda: que todo est\u00e1 relacionado y que el aut\u00e9ntico cuidado de nuestra propia vida y de nuestras relaciones con la naturaleza es inseparable de la fraternidad, de la Compasi\u00f3n y de la justicia\u2026(LS. 70)<\/p>\n<p>[\/et_pb_text][\/et_pb_column][\/et_pb_row][et_pb_row column_structure=\u00bb1_3,2_3&#8243; _builder_version=\u00bb4.6.5&#8243; _module_preset=\u00bbdefault\u00bb vertical_offset=\u00bb-18px\u00bb][et_pb_column type=\u00bb1_3&#8243; _builder_version=\u00bb4.6.5&#8243; _module_preset=\u00bbdefault\u00bb][et_pb_image src=\u00bbhttps:\/\/ndcompassion.com\/wp-content\/uploads\/2020\/12\/sanduzelai01_800.jpg\u00bb alt=\u00bbSanduzelai\u00bb title_text=\u00bbsanduzelai01_800&#8243; _builder_version=\u00bb4.6.5&#8243; _module_preset=\u00bbdefault\u00bb hover_enabled=\u00bb0&#8243; animation_style=\u00bbslide\u00bb sticky_enabled=\u00bb0&#8243;][\/et_pb_image][\/et_pb_column][et_pb_column type=\u00bb2_3&#8243; _builder_version=\u00bb4.6.5&#8243; _module_preset=\u00bbdefault\u00bb][et_pb_text admin_label=\u00bbTexto\u00bb _builder_version=\u00bb4.6.5&#8243; _module_preset=\u00bbdefault\u00bb]<\/p>\n<p style=\"text-align: justify;\">Conscientes: que el cuerpo es nuestro compa\u00f1ero m\u00e1s cercano e \u00edntimo, necesitado, llamado a CUIDAR\u2026 En este contexto nos ubicamos haciendo gimnasia y ejercicios para ejercitar nuestro cerebro.<\/p>\n<p style=\"text-align: justify;\">Estos medios nos fortalecen, revitalizan y nos hacen pasar ratos muy agradables. Se trata de: darnos calidad de vida para regalar vida.<\/p>\n<p>[\/et_pb_text][\/et_pb_column][\/et_pb_row][\/et_pb_section]<\/p>\n","protected":false},"excerpt":{"rendered":"<p>Alguien dice: \u201cla \u00fanica suposici\u00f3n previa necesaria para un tal renacimiento espiritual parece ser, esta capacidad de recepci\u00f3n que est\u00e1 en el fondo de la estructura de la persona. (Edith Stein) Las Hermanas de la Compasi\u00f3n de Sanduzelai (Pamplona), miramos este tiempo que nos toca vivir, e intentamos descubrir, las interrupciones de ciertas actividades y [&hellip;]<\/p>\n","protected":false},"author":1,"featured_media":3648,"comment_status":"closed","ping_status":"closed","sticky":false,"template":"","format":"standard","meta":{"_et_pb_use_builder":"on","_et_pb_old_content":"","_et_gb_content_width":"","footnotes":""},"categories":[13],"tags":[],"class_list":["post-3640","post","type-post","status-publish","format-standard","has-post-thumbnail","hentry","category-espana"],"_links":{"self":[{"href":"https:\/\/ndcompassion.com\/es\/wp-json\/wp\/v2\/posts\/3640","targetHints":{"allow":["GET"]}}],"collection":[{"href":"https:\/\/ndcompassion.com\/es\/wp-json\/wp\/v2\/posts"}],"about":[{"href":"https:\/\/ndcompassion.com\/es\/wp-json\/wp\/v2\/types\/post"}],"author":[{"embeddable":true,"href":"https:\/\/ndcompassion.com\/es\/wp-json\/wp\/v2\/users\/1"}],"replies":[{"embeddable":true,"href":"https:\/\/ndcompassion.com\/es\/wp-json\/wp\/v2\/comments?post=3640"}],"version-history":[{"count":6,"href":"https:\/\/ndcompassion.com\/es\/wp-json\/wp\/v2\/posts\/3640\/revisions"}],"predecessor-version":[{"id":3656,"href":"https:\/\/ndcompassion.com\/es\/wp-json\/wp\/v2\/posts\/3640\/revisions\/3656"}],"wp:featuredmedia":[{"embeddable":true,"href":"https:\/\/ndcompassion.com\/es\/wp-json\/wp\/v2\/media\/3648"}],"wp:attachment":[{"href":"https:\/\/ndcompassion.com\/es\/wp-json\/wp\/v2\/media?parent=3640"}],"wp:term":[{"taxonomy":"category","embeddable":true,"href":"https:\/\/ndcompassion.com\/es\/wp-json\/wp\/v2\/categories?post=3640"},{"taxonomy":"post_tag","embeddable":true,"href":"https:\/\/ndcompassion.com\/es\/wp-json\/wp\/v2\/tags?post=3640"}],"curies":[{"name":"wp","href":"https:\/\/api.w.org\/{rel}","templated":true}]}}