{"id":3518,"date":"2020-09-25T00:03:25","date_gmt":"2020-09-24T23:03:25","guid":{"rendered":"https:\/\/ndcompassion.com\/?p=3518"},"modified":"2020-09-25T00:08:14","modified_gmt":"2020-09-24T23:08:14","slug":"circulo-de-silencio","status":"publish","type":"post","link":"https:\/\/ndcompassion.com\/es\/circulo-de-silencio\/","title":{"rendered":"C\u00edrculo de Silencio"},"content":{"rendered":"<p>[et_pb_section fb_built=\u00bb1&#8243; _builder_version=\u00bb4.4.2&#8243;][et_pb_row column_structure=\u00bb2_3,1_3&#8243; _builder_version=\u00bb4.4.2&#8243;][et_pb_column type=\u00bb2_3&#8243; _builder_version=\u00bb4.4.2&#8243;][et_pb_text _builder_version=\u00bb4.4.2&#8243;]<\/p>\n<p style=\"text-align: justify;\">La Delegaci\u00f3n de Migraciones, con sede en Tierra de Todos, C\u00e1diz, celebra el segundo mi\u00e9rcoles de cada mes en la Plaza de la Catedral un acto de solidaridad con los Migrantes y Refugiados. Se quiere poner de manifiesto y hacer visible, a trav\u00e9s del \u201cC\u00edrculo de Silencio\u201d la tragedia que est\u00e1n viviendo tantas personas que intentan llegar a Espa\u00f1a u otros pa\u00edses de Europa, desde \u00c1frica, Am\u00e9rica Latina y otros lugares del mundo, en b\u00fasqueda de mejorar sus condiciones de vida. Cuando estas personas llegan a C\u00e1diz los acoge la Asociaci\u00f3n Cardinj, donde se ocupan de su<\/p>\n<p>[\/et_pb_text][\/et_pb_column][et_pb_column type=\u00bb1_3&#8243; _builder_version=\u00bb4.4.2&#8243;][et_pb_image src=\u00bbhttps:\/\/ndcompassion.com\/wp-content\/uploads\/2020\/09\/CirculoSilencioCadiz03_800.jpg\u00bb _builder_version=\u00bb4.4.2&#8243; animation_style=\u00bbslide\u00bb][\/et_pb_image][\/et_pb_column][\/et_pb_row][et_pb_row _builder_version=\u00bb4.4.2&#8243; vertical_offset=\u00bb-26px\u00bb][et_pb_column type=\u00bb4_4&#8243; _builder_version=\u00bb4.4.2&#8243;][et_pb_text _builder_version=\u00bb4.4.2&#8243;]<\/p>\n<p style=\"text-align: justify;\">salud f\u00edsica y mental, los acompa\u00f1an en el arreglo de documentaci\u00f3n, en el aprendizaje del idioma, les imparten cursos que les facilite el acceso al trabajo. Durante este proceso comparten vida y estancia.<\/p>\n<p style=\"text-align: justify;\">Para una mejor respuesta a esta realidad se constituye la Mesa Diocesana de Atenci\u00f3n y Acogida a Migrantes y Refugiados de C\u00e1diz y Ceuta. Los segundos mi\u00e9rcoles de cada mes nos reunimos todas las personas que queremos mostrar nuestra solidaridad y hacer visible la realidad de tantos j\u00f3venes, para informar y sensibilizar a la poblaci\u00f3n Gaditana e ir comprometi\u00e9ndonos con esta realidad.<\/p>\n<p>[\/et_pb_text][\/et_pb_column][\/et_pb_row][et_pb_row column_structure=\u00bb2_5,3_5&#8243; _builder_version=\u00bb4.4.2&#8243; vertical_offset=\u00bb-32px\u00bb][et_pb_column type=\u00bb2_5&#8243; _builder_version=\u00bb4.4.2&#8243;][et_pb_image src=\u00bbhttps:\/\/ndcompassion.com\/wp-content\/uploads\/2020\/09\/CirculoSilencioCadiz02_800.jpg\u00bb _builder_version=\u00bb4.4.2&#8243; animation_style=\u00bbslide\u00bb][\/et_pb_image][\/et_pb_column][et_pb_column type=\u00bb3_5&#8243; _builder_version=\u00bb4.4.2&#8243;][et_pb_text _builder_version=\u00bb4.4.2&#8243;]<\/p>\n<p style=\"text-align: justify;\">Una pancarta preside nuestro encuentro con el lema \u201cSolidaridad con los migrantes y Refugiados\u201d. Se comienza leyendo lo acontecido a lo largo del mes: se aportan los datos de las pateras que entran, de las personas que lograron entrar y las que perecieron, as\u00ed como todo lo que viven y sufren las personas concretas: detenciones<\/p>\n<p>[\/et_pb_text][\/et_pb_column][\/et_pb_row][et_pb_row _builder_version=\u00bb4.4.2&#8243; hover_enabled=\u00bb0&#8243; vertical_offset=\u00bb-42px\u00bb][et_pb_column type=\u00bb4_4&#8243; _builder_version=\u00bb4.4.2&#8243;][et_pb_text _builder_version=\u00bb4.4.2&#8243;]<\/p>\n<p style=\"text-align: justify;\">arbitrarias, abusos policiales, explotaci\u00f3n laboral, salud, etc. Se hace visible tanta tragedia vivida por migrantes y refugiados, y lo mal que se gestionan, desde muchos pa\u00edses, los recursos que necesita esta poblaci\u00f3n para vivir mejor.<\/p>\n<p style=\"text-align: justify;\">Tomamos m\u00e1s conciencia de que somos un pa\u00eds viejo y que estos j\u00f3venes que llegan a Espa\u00f1a los necesitamos para trabajar, compartir y enriquecernos con las diversas culturas.<\/p>\n<p style=\"text-align: justify;\">A partir de esta lectura comienza nuestro tiempo de silencio (media hora) para a pensar, reflexionar y rezar-<\/p>\n<p style=\"text-align: justify;\">El C\u00edrculo poco a poco se va agrandando. En los \u00faltimos encuentros est\u00e1 participando un mayor n\u00famero de personas.<br \/>Hablando con ADNEN ZAIDER, KAMAC CHARHA y BEKAYE DADU, les preguntamos qu\u00e9 sienten y qu\u00e9 les motiva a acudir al C\u00edrculo de Silencio. Responden:<\/p>\n<ul>\n<li style=\"text-align: justify;\">\u201cLos del C\u00edrculo nos acogen, no nos rechazan\u201d.<\/li>\n<li style=\"text-align: justify;\">\u201cAl escuchar lo que ha sucedido en el mes, dicen que son problemas que nos afectan a todos.<\/li>\n<li style=\"text-align: justify;\">\u201cEl c\u00edrculo significa solidaridad. Hay esperanza en el mundo\u201d.<\/li>\n<li style=\"text-align: justify;\">\u201cExisten cosas injustas en el mundo, pero tambi\u00e9n hay cosas buenas\u201d.<\/li>\n<li style=\"text-align: justify;\">\u201cVamos al C\u00edrculo porque encontramos humanidad y tenemos derecho a vivir\u201d.<\/li>\n<li style=\"text-align: justify;\">\u201cRezamos a Dios y le pedimos ayuda en todos nuestros problemas\u201d.<\/li>\n<\/ul>\n<p>\u00bfC\u00f3mo me afecta a m\u00ed?<\/p>\n<ul>\n<li style=\"text-align: justify;\">Para m\u00ed es una toma de conciencia de lo que sucede a las personas en el mundo.<\/li>\n<li style=\"text-align: justify;\">Me hace solidaria con las tragedias, cuando las pateras no llegan al puerto deseado.<\/li>\n<li style=\"text-align: justify;\">Le pido a Dios que nos ayude a vernos como iguales, queremos ser puente con otra gente para no rechazar a nadie y que aprendamos a acoger y compartir.<\/li>\n<\/ul>\n<p style=\"text-align: justify;\">Me est\u00e1 suponiendo:<\/p>\n<ul>\n<li style=\"text-align: justify;\">Estar atenta a la realidad de los vecinos, del barrio, al Centro donde viven y desarrollan sus actividades los migrantes que llegan a C\u00e1diz.<\/li>\n<li style=\"text-align: justify;\">Hablar con otros de solidaridad y justicia.<\/li>\n<li style=\"text-align: justify;\">Esto agranda mi forma de ver, mirar y comprometerme como hac\u00eda Jes\u00fas, quien es mi referencia.<\/li>\n<\/ul>\n<p>Mila Celaya . Comunidad de C\u00e1diz. Espa\u00f1a<\/p>\n<p>[\/et_pb_text][\/et_pb_column][\/et_pb_row][\/et_pb_section]<\/p>\n","protected":false},"excerpt":{"rendered":"<p>La Delegaci\u00f3n de Migraciones, con sede en Tierra de Todos, C\u00e1diz, celebra el segundo mi\u00e9rcoles de cada mes en la Plaza de la Catedral un acto de solidaridad con los Migrantes y Refugiados. Se quiere poner de manifiesto y hacer visible, a trav\u00e9s del \u201cC\u00edrculo de Silencio\u201d la tragedia que est\u00e1n viviendo tantas personas que [&hellip;]<\/p>\n","protected":false},"author":1,"featured_media":3505,"comment_status":"closed","ping_status":"closed","sticky":false,"template":"","format":"standard","meta":{"_et_pb_use_builder":"on","_et_pb_old_content":"","_et_gb_content_width":"","footnotes":""},"categories":[13],"tags":[],"class_list":["post-3518","post","type-post","status-publish","format-standard","has-post-thumbnail","hentry","category-espana"],"_links":{"self":[{"href":"https:\/\/ndcompassion.com\/es\/wp-json\/wp\/v2\/posts\/3518","targetHints":{"allow":["GET"]}}],"collection":[{"href":"https:\/\/ndcompassion.com\/es\/wp-json\/wp\/v2\/posts"}],"about":[{"href":"https:\/\/ndcompassion.com\/es\/wp-json\/wp\/v2\/types\/post"}],"author":[{"embeddable":true,"href":"https:\/\/ndcompassion.com\/es\/wp-json\/wp\/v2\/users\/1"}],"replies":[{"embeddable":true,"href":"https:\/\/ndcompassion.com\/es\/wp-json\/wp\/v2\/comments?post=3518"}],"version-history":[{"count":10,"href":"https:\/\/ndcompassion.com\/es\/wp-json\/wp\/v2\/posts\/3518\/revisions"}],"predecessor-version":[{"id":3530,"href":"https:\/\/ndcompassion.com\/es\/wp-json\/wp\/v2\/posts\/3518\/revisions\/3530"}],"wp:featuredmedia":[{"embeddable":true,"href":"https:\/\/ndcompassion.com\/es\/wp-json\/wp\/v2\/media\/3505"}],"wp:attachment":[{"href":"https:\/\/ndcompassion.com\/es\/wp-json\/wp\/v2\/media?parent=3518"}],"wp:term":[{"taxonomy":"category","embeddable":true,"href":"https:\/\/ndcompassion.com\/es\/wp-json\/wp\/v2\/categories?post=3518"},{"taxonomy":"post_tag","embeddable":true,"href":"https:\/\/ndcompassion.com\/es\/wp-json\/wp\/v2\/tags?post=3518"}],"curies":[{"name":"wp","href":"https:\/\/api.w.org\/{rel}","templated":true}]}}