{"id":3477,"date":"2020-09-11T12:53:34","date_gmt":"2020-09-11T11:53:34","guid":{"rendered":"https:\/\/ndcompassion.com\/?p=3477"},"modified":"2020-09-11T12:53:38","modified_gmt":"2020-09-11T11:53:38","slug":"la-comunidad-de-villaverde-madrid-os-comparte","status":"publish","type":"post","link":"https:\/\/ndcompassion.com\/es\/la-comunidad-de-villaverde-madrid-os-comparte\/","title":{"rendered":"La Comunidad de Villaverde (Madrid) os comparte"},"content":{"rendered":"<p>[et_pb_section fb_built=\u00bb1&#8243; _builder_version=\u00bb4.4.2&#8243;][et_pb_row _builder_version=\u00bb4.4.2&#8243; column_structure=\u00bb3_5,2_5&#8243;][et_pb_column _builder_version=\u00bb4.4.2&#8243; type=\u00bb3_5&#8243;][et_pb_text _builder_version=\u00bb4.4.2&#8243; hover_enabled=\u00bb0&#8243;]<\/p>\n<p style=\"text-align: justify;\">Cuando le\u00e1is estas l\u00edneas, tal vez estemos en situaci\u00f3n mejor o peor\u2026 No sabemos c\u00f3mo evolucionar\u00e1 la COVID-19, la ciencia, todav\u00eda, desconoce su comportamiento.<\/p>\n<p style=\"text-align: justify;\">Os comparto algo de c\u00f3mo hemos vivido esta larga temporada: no ha sido f\u00e1cil, para NADIE, y nosotras hemos sido privilegiadas, pese a que hemos vivido d\u00edas de gran dolor, incertidumbre, miedos y a la vez esperanza confiada en el Dios de la vida\u2026 Hemos pasado por diferentes fases, desde un cierto escepticismo a una toma de conciencia de la gravedad de la pandemia.<\/p>\n<p style=\"text-align: justify;\">El ritmo de la comunidad hubo que cambiarlo y restringir las actividades presenciales. Era importante cuidarnos<\/p>\n<p>[\/et_pb_text][\/et_pb_column][et_pb_column _builder_version=\u00bb4.4.2&#8243; type=\u00bb2_5&#8243;][et_pb_image _builder_version=\u00bb4.4.2&#8243; src=\u00bbhttps:\/\/ndcompassion.com\/wp-content\/uploads\/2020\/09\/villaverde02_800.jpg\u00bb animation_style=\u00bbslide\u00bb hover_enabled=\u00bb0&#8243;][\/et_pb_image][\/et_pb_column][\/et_pb_row][et_pb_row _builder_version=\u00bb4.4.2&#8243; vertical_offset=\u00bb-26px\u00bb hover_enabled=\u00bb0&#8243;][et_pb_column _builder_version=\u00bb4.4.2&#8243; type=\u00bb4_4&#8243;][et_pb_text _builder_version=\u00bb4.4.2&#8243; hover_enabled=\u00bb0&#8243;]<\/p>\n<p style=\"text-align: justify;\">personal y comunitariamente. Muy conscientes de que somos una comunidad de \u201calto riesgo\u201d.<\/p>\n<p style=\"text-align: justify;\">Ha sido una oportunidad para reforzar la oraci\u00f3n personal y, de otra manera la comunitaria, como ha sido el seguimiento de la oraci\u00f3n del Papa, la Semana Santa, las grandes fiestas religiosas, la eucarist\u00eda diaria en TV. Con gozo y gratitud hemos \u201cparticipado\u201d en estas celebraciones presididas por el Papa, desde Roma.<\/p>\n<p style=\"text-align: justify;\">Puntualmente todos los d\u00edas sal\u00edamos a las 8 a aplaudir a sanitarios y todo el personal que, a lo largo de estos duros d\u00edas, han estado al pie del ca\u00f1\u00f3n para que no nos faltaran ni alimentos ni protecci\u00f3n. Posteriormente hemos participado en las concentraciones, cada lunes a las 20.30, frente al Centro de Salud apoyando la Sanidad P\u00fablica.<\/p>\n<p style=\"text-align: justify;\">Ha sido un tiempo privilegiado para el ocio comunitario: pel\u00edculas, juegos de mesa, actividades de estimulaci\u00f3n cognitiva m\u00e1s individualizadas.<\/p>\n<p style=\"text-align: justify;\">Al d\u00eda de hoy, estamos serenas, pero SIN BAJAR LA GUARDIA. Desconocemos c\u00f3mo ir\u00e1n transcurriendo los d\u00edas. Nos sentimos agradecidas, confiadas y abiertas a seguir descubriendo al Dios Padre-Madre en nuestro vivir cotidiano y ojal\u00e1 lo vivamos como un regalo.<\/p>\n<p style=\"text-align: justify;\">Merche Ginel<\/p>\n<p>[\/et_pb_text][\/et_pb_column][\/et_pb_row][\/et_pb_section]<\/p>\n","protected":false},"excerpt":{"rendered":"<p>Cuando le\u00e1is estas l\u00edneas, tal vez estemos en situaci\u00f3n mejor o peor\u2026 No sabemos c\u00f3mo evolucionar\u00e1 la COVID-19, la ciencia, todav\u00eda, desconoce su comportamiento. Os comparto algo de c\u00f3mo hemos vivido esta larga temporada: no ha sido f\u00e1cil, para NADIE, y nosotras hemos sido privilegiadas, pese a que hemos vivido d\u00edas de gran dolor, incertidumbre, [&hellip;]<\/p>\n","protected":false},"author":1,"featured_media":3482,"comment_status":"closed","ping_status":"closed","sticky":false,"template":"","format":"standard","meta":{"_et_pb_use_builder":"on","_et_pb_old_content":"","_et_gb_content_width":"","footnotes":""},"categories":[13],"tags":[101,60],"class_list":["post-3477","post","type-post","status-publish","format-standard","has-post-thumbnail","hentry","category-espana","tag-confinamiento","tag-covid-19"],"_links":{"self":[{"href":"https:\/\/ndcompassion.com\/es\/wp-json\/wp\/v2\/posts\/3477","targetHints":{"allow":["GET"]}}],"collection":[{"href":"https:\/\/ndcompassion.com\/es\/wp-json\/wp\/v2\/posts"}],"about":[{"href":"https:\/\/ndcompassion.com\/es\/wp-json\/wp\/v2\/types\/post"}],"author":[{"embeddable":true,"href":"https:\/\/ndcompassion.com\/es\/wp-json\/wp\/v2\/users\/1"}],"replies":[{"embeddable":true,"href":"https:\/\/ndcompassion.com\/es\/wp-json\/wp\/v2\/comments?post=3477"}],"version-history":[{"count":7,"href":"https:\/\/ndcompassion.com\/es\/wp-json\/wp\/v2\/posts\/3477\/revisions"}],"predecessor-version":[{"id":3489,"href":"https:\/\/ndcompassion.com\/es\/wp-json\/wp\/v2\/posts\/3477\/revisions\/3489"}],"wp:featuredmedia":[{"embeddable":true,"href":"https:\/\/ndcompassion.com\/es\/wp-json\/wp\/v2\/media\/3482"}],"wp:attachment":[{"href":"https:\/\/ndcompassion.com\/es\/wp-json\/wp\/v2\/media?parent=3477"}],"wp:term":[{"taxonomy":"category","embeddable":true,"href":"https:\/\/ndcompassion.com\/es\/wp-json\/wp\/v2\/categories?post=3477"},{"taxonomy":"post_tag","embeddable":true,"href":"https:\/\/ndcompassion.com\/es\/wp-json\/wp\/v2\/tags?post=3477"}],"curies":[{"name":"wp","href":"https:\/\/api.w.org\/{rel}","templated":true}]}}