{"id":3307,"date":"2020-06-10T13:30:28","date_gmt":"2020-06-10T12:30:28","guid":{"rendered":"https:\/\/ndcompassion.com\/?p=3307"},"modified":"2020-06-10T21:42:01","modified_gmt":"2020-06-10T20:42:01","slug":"en-camino","status":"publish","type":"post","link":"https:\/\/ndcompassion.com\/es\/en-camino\/","title":{"rendered":"En camino"},"content":{"rendered":"<p>[et_pb_section fb_built=\u00bb1&#8243; _builder_version=\u00bb4.4.2&#8243;][et_pb_row _builder_version=\u00bb4.4.2&#8243; vertical_offset=\u00bb0px\u00bb][et_pb_column type=\u00bb4_4&#8243; _builder_version=\u00bb4.4.2&#8243;][et_pb_text _builder_version=\u00bb4.4.2&#8243;]<\/p>\n<p style=\"text-align: justify;\">A veces los caminos del Se\u00f1or son inescrutables, dif\u00edciles de comprender, pero a la vez sorprendentes y gratificantes.<\/p>\n<p style=\"text-align: justify;\">Sobre todo, cuando estos caminos llevan al trabajo con personas y familias en situaciones de exclusi\u00f3n social.<\/p>\n<p style=\"text-align: justify;\">En C\u00e1ritas de Erandio y dentro del proyecto comunitario sobre la acci\u00f3n social, Pili con otros educadores voluntarios, acompa\u00f1an y acogen a ni\u00f1os emigrantes y a sus familias.<\/p>\n<p style=\"text-align: justify;\">Con atenci\u00f3n especial buscan espacios para ellos y les ofrecen confianza, cercan\u00eda, cari\u00f1o, etc.<\/p>\n<p style=\"text-align: justify;\">\u00bfQu\u00e9 hace Pili durante estos espacios? Los martes y jueves de 16:30h a 19:00h acoge a ni\u00f1os entre los 4 y 14 a\u00f1os con necesidades b\u00e1sicas, les prepara la merienda, dialoga con ellos, escucha sus problemas, comparte su tiempo.<\/p>\n<p style=\"text-align: justify;\">La sensibilidad de Pili hacia las situaciones de exclusi\u00f3n que viven esta familias la ha llevado a buscar la colaboraci\u00f3n de otra gente conocida y ha conseguido que se implique un panadero que aporta gratuitamente el pan para las meriendas y otros detalles cuando son los cumplea\u00f1os de los ni\u00f1os.<\/p>\n<p style=\"text-align: justify;\">Despu\u00e9s de la merienda se trasladan a los locales de C\u00e1ritas en el mismo centro donde los educadores les ayudan a hacer los deberes que traen de los centros escolares.<\/p>\n<p>[\/et_pb_text][\/et_pb_column][\/et_pb_row][et_pb_row column_structure=\u00bb1_2,1_2&#8243; _builder_version=\u00bb4.4.2&#8243; vertical_offset=\u00bb-16px\u00bb][et_pb_column type=\u00bb1_2&#8243; _builder_version=\u00bb4.4.2&#8243;][et_pb_image src=\u00bbhttps:\/\/ndcompassion.com\/wp-content\/uploads\/2020\/06\/ErandioEnCamino02_800.jpg\u00bb admin_label=\u00bbImagen Erandio en camino\u00bb _builder_version=\u00bb4.4.2&#8243; animation_style=\u00bbslide\u00bb][\/et_pb_image][\/et_pb_column][et_pb_column type=\u00bb1_2&#8243; _builder_version=\u00bb4.4.2&#8243;][et_pb_text _builder_version=\u00bb4.4.2&#8243;]<\/p>\n<p style=\"text-align: justify;\">Con las familias de los ni\u00f1os se establece una bonita relaci\u00f3n de cercan\u00eda y escucha. Pili conoce as\u00ed las situaciones concretas de cada familia y sus necesidades y siempre que puede les proporciona trabajo, en el momento que se entera de alguna demanda.<\/p>\n<p style=\"text-align: justify;\">Es un voluntariado muy agradecido por las familias ya que ellas no tienen medios ni preparaci\u00f3n para acompa\u00f1ar a sus hijos. Es un bonito servicio.<\/p>\n<p style=\"text-align: justify;\">La Comunidad de Erandio<\/p>\n<p>[\/et_pb_text][\/et_pb_column][\/et_pb_row][\/et_pb_section]<\/p>\n","protected":false},"excerpt":{"rendered":"<p>A veces los caminos del Se\u00f1or son inescrutables, dif\u00edciles de comprender, pero a la vez sorprendentes y gratificantes. Sobre todo, cuando estos caminos llevan al trabajo con personas y familias en situaciones de exclusi\u00f3n social. En C\u00e1ritas de Erandio y dentro del proyecto comunitario sobre la acci\u00f3n social, Pili con otros educadores voluntarios, acompa\u00f1an y [&hellip;]<\/p>\n","protected":false},"author":1,"featured_media":3310,"comment_status":"closed","ping_status":"closed","sticky":false,"template":"","format":"standard","meta":{"_et_pb_use_builder":"on","_et_pb_old_content":"","_et_gb_content_width":"","footnotes":""},"categories":[13,6],"tags":[],"class_list":["post-3307","post","type-post","status-publish","format-standard","has-post-thumbnail","hentry","category-espana","category-social"],"_links":{"self":[{"href":"https:\/\/ndcompassion.com\/es\/wp-json\/wp\/v2\/posts\/3307","targetHints":{"allow":["GET"]}}],"collection":[{"href":"https:\/\/ndcompassion.com\/es\/wp-json\/wp\/v2\/posts"}],"about":[{"href":"https:\/\/ndcompassion.com\/es\/wp-json\/wp\/v2\/types\/post"}],"author":[{"embeddable":true,"href":"https:\/\/ndcompassion.com\/es\/wp-json\/wp\/v2\/users\/1"}],"replies":[{"embeddable":true,"href":"https:\/\/ndcompassion.com\/es\/wp-json\/wp\/v2\/comments?post=3307"}],"version-history":[{"count":11,"href":"https:\/\/ndcompassion.com\/es\/wp-json\/wp\/v2\/posts\/3307\/revisions"}],"predecessor-version":[{"id":3330,"href":"https:\/\/ndcompassion.com\/es\/wp-json\/wp\/v2\/posts\/3307\/revisions\/3330"}],"wp:featuredmedia":[{"embeddable":true,"href":"https:\/\/ndcompassion.com\/es\/wp-json\/wp\/v2\/media\/3310"}],"wp:attachment":[{"href":"https:\/\/ndcompassion.com\/es\/wp-json\/wp\/v2\/media?parent=3307"}],"wp:term":[{"taxonomy":"category","embeddable":true,"href":"https:\/\/ndcompassion.com\/es\/wp-json\/wp\/v2\/categories?post=3307"},{"taxonomy":"post_tag","embeddable":true,"href":"https:\/\/ndcompassion.com\/es\/wp-json\/wp\/v2\/tags?post=3307"}],"curies":[{"name":"wp","href":"https:\/\/api.w.org\/{rel}","templated":true}]}}