{"id":3280,"date":"2020-05-28T15:54:47","date_gmt":"2020-05-28T14:54:47","guid":{"rendered":"https:\/\/ndcompassion.com\/?p=3280"},"modified":"2020-05-28T16:05:22","modified_gmt":"2020-05-28T15:05:22","slug":"quien-ha-dicho-que-no-hay-semana-santa-y-que-cristo-no-esta-en-la-calle","status":"publish","type":"post","link":"https:\/\/ndcompassion.com\/es\/quien-ha-dicho-que-no-hay-semana-santa-y-que-cristo-no-esta-en-la-calle\/","title":{"rendered":"\u00bfQui\u00e9n ha dicho que no hay Semana Santa y que Cristo no est\u00e1 en la calle?"},"content":{"rendered":"<p>[et_pb_section fb_built=\u00bb1&#8243; _builder_version=\u00bb4.4.2&#8243;][et_pb_row column_structure=\u00bb1_3,2_3&#8243; _builder_version=\u00bb4.4.2&#8243;][et_pb_column type=\u00bb1_3&#8243; _builder_version=\u00bb4.4.2&#8243;][et_pb_image src=\u00bbhttps:\/\/ndcompassion.com\/wp-content\/uploads\/2020\/05\/CdadRosales02_800.jpg\u00bb admin_label=\u00bbImagen Semana Santa en la Cdad de Rosales I\u00bb _builder_version=\u00bb4.4.2&#8243; animation_style=\u00bbslide\u00bb][\/et_pb_image][\/et_pb_column][et_pb_column type=\u00bb2_3&#8243; _builder_version=\u00bb4.4.2&#8243;][et_pb_text admin_label=\u00bbSemana Santa en la Cdad de Rosales I\u00bb _builder_version=\u00bb4.4.2&#8243;]<\/p>\n<p style=\"text-align: justify;\">Para nosotras la celebraci\u00f3n de la Semana Santa este a\u00f1o ha sido muy especial, ha tenido un nuevo rostro por las circunstancias de la pandemia que atraviesa el mundo. Pero gracias a la tecnolog\u00eda hemos podido seguir las celebraciones lit\u00fargicas a trav\u00e9s de TV, Facebook que nos ha tenido muy conectadas con la Iglesia y el mundo.<\/p>\n<p>[\/et_pb_text][\/et_pb_column][\/et_pb_row][et_pb_row column_structure=\u00bb2_3,1_3&#8243; _builder_version=\u00bb4.4.2&#8243; vertical_offset=\u00bb-16px\u00bb][et_pb_column type=\u00bb2_3&#8243; _builder_version=\u00bb4.4.2&#8243;][et_pb_text admin_label=\u00bbSemana Santa en la Cdad de Rosales II\u00bb _builder_version=\u00bb4.4.2&#8243;]<\/p>\n<p style=\"text-align: justify;\">Iniciamos la semana con la fiesta de la Madre Dolorosa, nuestra Madre de la Compasi\u00f3n que es el viernes anterior a Domingo de Ramos. En compa\u00f1\u00eda de Mar\u00eda hemos hecho el camino del Calvario unidas al sufrimiento de nuestros pueblos. En este caminar celebrativo y espiritual tambi\u00e9n han participado los laicos que trabajan en la casa, como ambientaci\u00f3n pusimos dos arbustos, uno seco con signos de muerte y dolor que cada uno <\/p>\n<p>[\/et_pb_text][\/et_pb_column][et_pb_column type=\u00bb1_3&#8243; _builder_version=\u00bb4.4.2&#8243;][et_pb_image src=\u00bbhttps:\/\/ndcompassion.com\/wp-content\/uploads\/2020\/05\/CdadRosales03_800.jpg\u00bb admin_label=\u00bbImagen Imagen Semana Santa en la Cdad de Rosales II\u00bb _builder_version=\u00bb4.4.2&#8243;][\/et_pb_image][\/et_pb_column][\/et_pb_row][et_pb_row _builder_version=\u00bb4.4.2&#8243; vertical_offset=\u00bb-40px\u00bb][et_pb_column type=\u00bb4_4&#8243; _builder_version=\u00bb4.4.2&#8243;][et_pb_text admin_label=\u00bbSemana Santa en la Cdad de Rosales III\u00bb _builder_version=\u00bb4.4.2&#8243;]<\/p>\n<p style=\"text-align: justify;\">ve\u00eda, sent\u00eda y escuchaba en este tiempo: Como personas infectadas con el coronavirus, muertes sin la compa\u00f1\u00eda de sus familiares, dolor de las familias, hambre, soledad, corrupci\u00f3n y otros. En el otro, con hojas verdes simbolizando los signos de vida: entrega del personal sanitario, polic\u00edas y militares, servidores p\u00fablicos, presidente de la Rep\u00fablica y su gabinete, solidaridad de la gente, voluntarios, etc.<\/p>\n<p style=\"text-align: justify;\">Las celebraciones del Triduo Pascual han tenido su particularidad y creatividad en la preparaci\u00f3n y la participaci\u00f3n de todas. Nos conect\u00f3 con todo lo que est\u00e1bamos viviendo. \u00bfQui\u00e9n dir\u00eda que no se podr\u00eda celebrar Semana Santa? El Cristo de la Pasi\u00f3n y muerte se hizo m\u00e1s palpable en el Jueves Santo, Viernes Santo a trav\u00e9s del recorrido por las Estaciones del V\u00eda Crucis, compenetrado con el dolor y el caminar de la gente que recorre el mismo camino del Cristo \u201cLLAGADO Y CORONADO DE ESPINAS\u201d. El S\u00e1bado Santo, acompa\u00f1amos a Mar\u00eda en su soledad y Esperanza anim\u00e1ndonos a seguir siendo portadoras de vida y fe para todos los que se acercan a nosotras con la certeza y la confianza que su Hijo resucitar\u00e1.<\/p>\n<p style=\"text-align: justify;\">En medio de cuarentena se ha evidenciado gestos, detalles y manifestaciones de vida con lo que el pueblo peruano est\u00e1 viviendo en este momento, como signo de la presencia de Cristo Resucitado.<\/p>\n<p style=\"text-align: justify;\">Fraternalmente.<br \/>Cdad. de los Rosales<\/p>\n<p>[\/et_pb_text][\/et_pb_column][\/et_pb_row][\/et_pb_section]<\/p>\n","protected":false},"excerpt":{"rendered":"<p>Para nosotras la celebraci\u00f3n de la Semana Santa este a\u00f1o ha sido muy especial, ha tenido un nuevo rostro por las circunstancias de la pandemia que atraviesa el mundo. Pero gracias a la tecnolog\u00eda hemos podido seguir las celebraciones lit\u00fargicas a trav\u00e9s de TV, Facebook que nos ha tenido muy conectadas con la Iglesia y [&hellip;]<\/p>\n","protected":false},"author":1,"featured_media":3265,"comment_status":"closed","ping_status":"closed","sticky":false,"template":"","format":"standard","meta":{"_et_pb_use_builder":"on","_et_pb_old_content":"","_et_gb_content_width":"","footnotes":""},"categories":[16],"tags":[93,60,94],"class_list":["post-3280","post","type-post","status-publish","format-standard","has-post-thumbnail","hentry","category-peru","tag-cdad-de-rosales","tag-covid-19","tag-semana-santa"],"_links":{"self":[{"href":"https:\/\/ndcompassion.com\/es\/wp-json\/wp\/v2\/posts\/3280","targetHints":{"allow":["GET"]}}],"collection":[{"href":"https:\/\/ndcompassion.com\/es\/wp-json\/wp\/v2\/posts"}],"about":[{"href":"https:\/\/ndcompassion.com\/es\/wp-json\/wp\/v2\/types\/post"}],"author":[{"embeddable":true,"href":"https:\/\/ndcompassion.com\/es\/wp-json\/wp\/v2\/users\/1"}],"replies":[{"embeddable":true,"href":"https:\/\/ndcompassion.com\/es\/wp-json\/wp\/v2\/comments?post=3280"}],"version-history":[{"count":7,"href":"https:\/\/ndcompassion.com\/es\/wp-json\/wp\/v2\/posts\/3280\/revisions"}],"predecessor-version":[{"id":3290,"href":"https:\/\/ndcompassion.com\/es\/wp-json\/wp\/v2\/posts\/3280\/revisions\/3290"}],"wp:featuredmedia":[{"embeddable":true,"href":"https:\/\/ndcompassion.com\/es\/wp-json\/wp\/v2\/media\/3265"}],"wp:attachment":[{"href":"https:\/\/ndcompassion.com\/es\/wp-json\/wp\/v2\/media?parent=3280"}],"wp:term":[{"taxonomy":"category","embeddable":true,"href":"https:\/\/ndcompassion.com\/es\/wp-json\/wp\/v2\/categories?post=3280"},{"taxonomy":"post_tag","embeddable":true,"href":"https:\/\/ndcompassion.com\/es\/wp-json\/wp\/v2\/tags?post=3280"}],"curies":[{"name":"wp","href":"https:\/\/api.w.org\/{rel}","templated":true}]}}