{"id":3223,"date":"2020-05-20T09:00:38","date_gmt":"2020-05-20T08:00:38","guid":{"rendered":"https:\/\/ndcompassion.com\/?p=3223"},"modified":"2020-05-20T11:55:33","modified_gmt":"2020-05-20T10:55:33","slug":"un-lugar-donde-vive-la-esperanza-en-tiempos-de-pandemia","status":"publish","type":"post","link":"https:\/\/ndcompassion.com\/es\/un-lugar-donde-vive-la-esperanza-en-tiempos-de-pandemia\/","title":{"rendered":"\u201cUn lugar donde vive la Esperanza\u201c en tiempos de PANDEMIA"},"content":{"rendered":"<p>[et_pb_section fb_built=\u00bb1&#8243; _builder_version=\u00bb4.4.2&#8243;][et_pb_row column_structure=\u00bb1_3,1_3,1_3&#8243; _builder_version=\u00bb4.4.2&#8243;][et_pb_column type=\u00bb1_3&#8243; _builder_version=\u00bb4.4.2&#8243;][et_pb_text admin_label=\u00bbTexto hogar CIMA\u00bb _builder_version=\u00bb4.4.2&#8243;]<\/p>\n<p style=\"text-align: justify;\">Desde el 17 de marzo me encuentro viviendo con los ni\u00f1os de la Casa-Hogar CIMA, enviada por la Comunidad de Ate, quienes despu\u00e9s de analizar la situaci\u00f3n de nuestras comunidades en<\/p>\n<p>[\/et_pb_text][\/et_pb_column][et_pb_column type=\u00bb1_3&#8243; _builder_version=\u00bb4.4.2&#8243;][et_pb_image src=\u00bbhttps:\/\/ndcompassion.com\/wp-content\/uploads\/2020\/05\/CasaHogarCima02_800.jpg\u00bb admin_label=\u00bbCasa Hogar CIMA 2&#8243; _builder_version=\u00bb4.4.2&#8243; animation_style=\u00bbslide\u00bb][\/et_pb_image][\/et_pb_column][et_pb_column type=\u00bb1_3&#8243; _builder_version=\u00bb4.4.2&#8243;][et_pb_image src=\u00bbhttps:\/\/ndcompassion.com\/wp-content\/uploads\/2020\/05\/CasaHogarCima03_800.jpg\u00bb admin_label=\u00bbCasa Hogar CIMA 3&#8243; _builder_version=\u00bb4.4.2&#8243; animation_style=\u00bbslide\u00bb][\/et_pb_image][\/et_pb_column][\/et_pb_row][et_pb_row _builder_version=\u00bb4.4.2&#8243; vertical_offset=\u00bb-16px\u00bb][et_pb_column type=\u00bb4_4&#8243; _builder_version=\u00bb4.4.2&#8243;][et_pb_text _builder_version=\u00bb4.4.2&#8243;]<\/p>\n<p style=\"text-align: justify;\">Lima y la de la Casa Hogar catalogada como vulnerable por los ni\u00f1os y adolescentes que en ella acogen. Vimos que pod\u00eda quedarme a vivir con ellos esta cuarentena. En este momento van ya m\u00e1s de un mes y medio.<\/p>\n<p style=\"text-align: justify;\">Vivimos con 64 ni\u00f1os adolescentes adem\u00e1s de algunos Ex \u2013 CIMA, el Fundador, el Director, los 4 Tutores, el Psic\u00f3logo, dos voluntarios extranjeros y la que habla de manera permanente. Adem\u00e1s de algunos otros colaboradores que vienen en su turno.<\/p>\n<p style=\"text-align: justify;\">Aqu\u00ed intentamos que los ni\u00f1os no se afecten ante la crisis que vive el pa\u00eds. La mayor\u00eda provienen de hogares disfuncionales y con diversas problem\u00e1ticas, ellos dejan el colegio, tienen mala conducta, problemas de ludopat\u00eda, robo, consumo de drogas en sus inicios\u2026<\/p>\n<p style=\"text-align: justify;\">En este tiempo de cuarentena vivimos como una familia, ayud\u00e1ndonos y complement\u00e1ndonos entre todos. Hemos fortalecido la Fe, rezando como siempre juntos al iniciar el d\u00eda. La Semana Santa la hemos vivido con recogimiento, y en solidaridad con lo que vive el mundo por la pandemia del Covid 19 y los problemas econ\u00f3micos que conlleva. Todos nos ayudamos para asumir el trabajo de aquellos que no pueden estar presentes.<\/p>\n<p style=\"text-align: justify;\">La sonrisa de los ni\u00f1os nos llena de esperanza. Muy unid@s en el esp\u00edritu de la Compasi\u00f3n.<\/p>\n<p style=\"text-align: justify;\">Ana Cecilia ARATA S.<br \/>Les invito a visitar la p\u00e1gina WEB: <a href=\"https:\/\/www.hogarcima.org\/\">www. hogarcima.org<\/a><\/p>\n<p>[\/et_pb_text][\/et_pb_column][\/et_pb_row][\/et_pb_section]<\/p>\n","protected":false},"excerpt":{"rendered":"<p>Desde el 17 de marzo me encuentro viviendo con los ni\u00f1os de la Casa-Hogar CIMA, enviada por la Comunidad de Ate, quienes despu\u00e9s de analizar la situaci\u00f3n de nuestras comunidades enLima y la de la Casa Hogar catalogada como vulnerable por los ni\u00f1os y adolescentes que en ella acogen. Vimos que pod\u00eda quedarme a vivir [&hellip;]<\/p>\n","protected":false},"author":1,"featured_media":3226,"comment_status":"closed","ping_status":"closed","sticky":false,"template":"","format":"standard","meta":{"_et_pb_use_builder":"on","_et_pb_old_content":"","_et_gb_content_width":"","footnotes":""},"categories":[16],"tags":[88,60],"class_list":["post-3223","post","type-post","status-publish","format-standard","has-post-thumbnail","hentry","category-peru","tag-hogar-menores-cima","tag-covid-19"],"_links":{"self":[{"href":"https:\/\/ndcompassion.com\/es\/wp-json\/wp\/v2\/posts\/3223","targetHints":{"allow":["GET"]}}],"collection":[{"href":"https:\/\/ndcompassion.com\/es\/wp-json\/wp\/v2\/posts"}],"about":[{"href":"https:\/\/ndcompassion.com\/es\/wp-json\/wp\/v2\/types\/post"}],"author":[{"embeddable":true,"href":"https:\/\/ndcompassion.com\/es\/wp-json\/wp\/v2\/users\/1"}],"replies":[{"embeddable":true,"href":"https:\/\/ndcompassion.com\/es\/wp-json\/wp\/v2\/comments?post=3223"}],"version-history":[{"count":5,"href":"https:\/\/ndcompassion.com\/es\/wp-json\/wp\/v2\/posts\/3223\/revisions"}],"predecessor-version":[{"id":3237,"href":"https:\/\/ndcompassion.com\/es\/wp-json\/wp\/v2\/posts\/3223\/revisions\/3237"}],"wp:featuredmedia":[{"embeddable":true,"href":"https:\/\/ndcompassion.com\/es\/wp-json\/wp\/v2\/media\/3226"}],"wp:attachment":[{"href":"https:\/\/ndcompassion.com\/es\/wp-json\/wp\/v2\/media?parent=3223"}],"wp:term":[{"taxonomy":"category","embeddable":true,"href":"https:\/\/ndcompassion.com\/es\/wp-json\/wp\/v2\/categories?post=3223"},{"taxonomy":"post_tag","embeddable":true,"href":"https:\/\/ndcompassion.com\/es\/wp-json\/wp\/v2\/tags?post=3223"}],"curies":[{"name":"wp","href":"https:\/\/api.w.org\/{rel}","templated":true}]}}