{"id":3190,"date":"2020-05-14T19:34:32","date_gmt":"2020-05-14T18:34:32","guid":{"rendered":"https:\/\/ndcompassion.com\/?p=3190"},"modified":"2020-05-14T19:36:57","modified_gmt":"2020-05-14T18:36:57","slug":"desde-marcelo-celayeta","status":"publish","type":"post","link":"https:\/\/ndcompassion.com\/es\/desde-marcelo-celayeta\/","title":{"rendered":"Desde Marcelo Celayeta"},"content":{"rendered":"<p>[et_pb_section fb_built=\u00bb1&#8243; _builder_version=\u00bb4.4.2&#8243;][et_pb_row column_structure=\u00bb1_3,2_3&#8243; _builder_version=\u00bb4.4.2&#8243;][et_pb_column type=\u00bb1_3&#8243; _builder_version=\u00bb4.4.2&#8243;][et_pb_image src=\u00bbhttps:\/\/ndcompassion.com\/wp-content\/uploads\/2020\/05\/MCelayeta2_800.jpg\u00bb admin_label=\u00bbImagen Residencia Marcelo Celayeta &#8211; Coronavirus\u00bb _builder_version=\u00bb4.4.2&#8243; animation_style=\u00bbslide\u00bb][\/et_pb_image][et_pb_image src=\u00bbhttps:\/\/ndcompassion.com\/wp-content\/uploads\/2020\/05\/MCelayeta3_800.jpg\u00bb admin_label=\u00bbResidencia Marcelo Celayeta &#8211; Coronavirus Imagen\u00bb _builder_version=\u00bb4.4.2&#8243; animation_style=\u00bbslide\u00bb][\/et_pb_image][\/et_pb_column][et_pb_column type=\u00bb2_3&#8243; _builder_version=\u00bb4.4.2&#8243;][et_pb_text admin_label=\u00bbResidencia Marcelo Celayeta\u00bb _builder_version=\u00bb4.4.2&#8243; hover_enabled=\u00bb0&#8243;]<\/p>\n<p style=\"text-align: center;\"><em>En este tiempo de confinamiento, tejiendo peque\u00f1as historias de esperanza con nuestras hermanas de la Comunidad de Beloso Alto<\/em><\/p>\n<p style=\"text-align: justify;\">El 13 de marzo, algunas nos despedimos m\u00e1s conscientes de que tardar\u00edamos vernos. M\u00e9dicos, enfermeras, terapeutas y personal de servicios nos animaban a dejar la Residencia con palabras y gestos que nos transmit\u00edan \u00e1nimo y confianza.<\/p>\n<p style=\"text-align: justify;\">Pocos d\u00edas pasaron y la informaci\u00f3n lleg\u00f3 puntual: Para prevenir y guardar distancias aconsejables, algunas Hermanas pasaron a tener el servicio de comedor en la habitaci\u00f3n y, de com\u00fan acuerdo con las Hermanas, se quedaron en las habitaciones las m\u00e1s v\u00e1lidas y as\u00ed las otras pod\u00edan estar mejor atendidas en el comedor.<\/p>\n<p style=\"text-align: justify;\">Al ser 16 Hermanas, todos los d\u00edas hemos podido hablar con 3 \u00f3 4 de ellas y esta posibilidad nos mantiene el contacto y el \u00e1nimo.<\/p>\n<p style=\"text-align: justify;\">Un segundo momento lleg\u00f3: Todas quedaron aisladas en sus habitaciones. \u00bfc\u00f3mo iba a ser la reacci\u00f3n? Una alegre sorpresa. La doctora que ven\u00eda informando diariamente de la salud de las Hermanas, empez\u00f3 a poner al tel\u00e9fono a las que quer\u00edan hablar. Otra alegr\u00eda para las dos comunidades, pues nos pod\u00edamos saludar y ellas preguntarnos por sus familias, de las que puntualmente les d\u00e1bamos noticias que nos hab\u00edan enviado.<\/p>\n<p style=\"text-align: justify;\">\n[\/et_pb_text][\/et_pb_column][\/et_pb_row][et_pb_row _builder_version=\u00bb4.4.2&#8243;][et_pb_column _builder_version=\u00bb4.4.2&#8243; type=\u00bb4_4&#8243;][et_pb_text _builder_version=\u00bb4.4.2&#8243; admin_label=\u00bbTexto coronavirus en M Celayeta\u00bb hover_enabled=\u00bb0&#8243;]<\/p>\n<p style=\"text-align: justify;\">Y la terapeuta Luc\u00eda una ma\u00f1ana nos puso en contacto con todas a trav\u00e9s de la video llamada, ah\u00ed fue la emoci\u00f3n y la alegr\u00eda de podernos ver y disfrutar y hablar y re\u00edr..<\/p>\n<p style=\"text-align: justify;\">Sigue nuestro tejido de peque\u00f1as historias: El domingo de Ramos todas las Hermanas al despertar se encontraron con una tarjeta de \u00e1nimo y por si fuera poco tambi\u00e9n les lleg\u00f3 en Pascua la felicitaci\u00f3n de las comunidad de Vitoria.<\/p>\n<p style=\"text-align: justify;\">Y estas son las peque\u00f1as historias de esperanza que va tejiendo nuestra comunidad de Marcelo Celayeta con el personal de la Residencia y con la comunidad de Beloso.<\/p>\n<p style=\"text-align: justify;\">Y al final, Covadonga agradece nuestros aplausos.<\/p>\n<p>[\/et_pb_text][\/et_pb_column][\/et_pb_row][\/et_pb_section]<\/p>\n","protected":false},"excerpt":{"rendered":"<p>En este tiempo de confinamiento, tejiendo peque\u00f1as historias de esperanza con nuestras hermanas de la Comunidad de Beloso Alto El 13 de marzo, algunas nos despedimos m\u00e1s conscientes de que tardar\u00edamos vernos. M\u00e9dicos, enfermeras, terapeutas y personal de servicios nos animaban a dejar la Residencia con palabras y gestos que nos transmit\u00edan \u00e1nimo y confianza. [&hellip;]<\/p>\n","protected":false},"author":1,"featured_media":3193,"comment_status":"closed","ping_status":"closed","sticky":false,"template":"","format":"standard","meta":{"_et_pb_use_builder":"on","_et_pb_old_content":"","_et_gb_content_width":"","footnotes":""},"categories":[13],"tags":[61,60],"class_list":["post-3190","post","type-post","status-publish","format-standard","has-post-thumbnail","hentry","category-espana","tag-coronavirus","tag-covid-19"],"_links":{"self":[{"href":"https:\/\/ndcompassion.com\/es\/wp-json\/wp\/v2\/posts\/3190","targetHints":{"allow":["GET"]}}],"collection":[{"href":"https:\/\/ndcompassion.com\/es\/wp-json\/wp\/v2\/posts"}],"about":[{"href":"https:\/\/ndcompassion.com\/es\/wp-json\/wp\/v2\/types\/post"}],"author":[{"embeddable":true,"href":"https:\/\/ndcompassion.com\/es\/wp-json\/wp\/v2\/users\/1"}],"replies":[{"embeddable":true,"href":"https:\/\/ndcompassion.com\/es\/wp-json\/wp\/v2\/comments?post=3190"}],"version-history":[{"count":3,"href":"https:\/\/ndcompassion.com\/es\/wp-json\/wp\/v2\/posts\/3190\/revisions"}],"predecessor-version":[{"id":3202,"href":"https:\/\/ndcompassion.com\/es\/wp-json\/wp\/v2\/posts\/3190\/revisions\/3202"}],"wp:featuredmedia":[{"embeddable":true,"href":"https:\/\/ndcompassion.com\/es\/wp-json\/wp\/v2\/media\/3193"}],"wp:attachment":[{"href":"https:\/\/ndcompassion.com\/es\/wp-json\/wp\/v2\/media?parent=3190"}],"wp:term":[{"taxonomy":"category","embeddable":true,"href":"https:\/\/ndcompassion.com\/es\/wp-json\/wp\/v2\/categories?post=3190"},{"taxonomy":"post_tag","embeddable":true,"href":"https:\/\/ndcompassion.com\/es\/wp-json\/wp\/v2\/tags?post=3190"}],"curies":[{"name":"wp","href":"https:\/\/api.w.org\/{rel}","templated":true}]}}