{"id":3086,"date":"2020-04-28T09:00:21","date_gmt":"2020-04-28T08:00:21","guid":{"rendered":"https:\/\/ndcompassion.com\/?p=3086"},"modified":"2020-04-30T16:33:52","modified_gmt":"2020-04-30T15:33:52","slug":"la-vida-es-un-tesoro-precioso-pero-solo-lo-descubrimos-si-la-compartimos-con-los-demas-papa-francisco","status":"publish","type":"post","link":"https:\/\/ndcompassion.com\/es\/la-vida-es-un-tesoro-precioso-pero-solo-lo-descubrimos-si-la-compartimos-con-los-demas-papa-francisco\/","title":{"rendered":"\u00abLa vida es un tesoro precioso, pero solo lo descubrimos, si la compartimos con los dem\u00e1s\u00bb &#8211; Papa Francisco"},"content":{"rendered":"<p>[et_pb_section fb_built=\u00bb1&#8243; _builder_version=\u00bb4.4.2&#8243;][et_pb_row column_structure=\u00bb2_5,3_5&#8243; _builder_version=\u00bb4.4.2&#8243;][et_pb_column type=\u00bb2_5&#8243; _builder_version=\u00bb4.4.2&#8243;][et_pb_text admin_label=\u00bbLa Reynerie &#8211; TO7&#8243; _builder_version=\u00bb4.4.2&#8243;]<\/p>\n<p style=\"text-align: justify;\">La comunidad de la Reynerie, se fund\u00f3 en noviembre del 2006 en uno de los barrios perif\u00e9ricos de Toulouse (Francia): le Mirail, que significa \u00abespejo\u00bb en occitan, el idioma local. El barrio es efectivamente un reflejo de un mundo globalizado, con la presencia de diferentes culturas y m\u00e1s de 50<\/p>\n<p>[\/et_pb_text][\/et_pb_column][et_pb_column type=\u00bb3_5&#8243; _builder_version=\u00bb4.4.2&#8243;][et_pb_image src=\u00bbhttps:\/\/ndcompassion.com\/wp-content\/uploads\/2020\/04\/la-Reynerie-quartier_800.jpg\u00bb admin_label=\u00bbla Reynerie quartier\u00bb _builder_version=\u00bb4.4.2&#8243; animation_style=\u00bbslide\u00bb][\/et_pb_image][\/et_pb_column][\/et_pb_row][et_pb_row _builder_version=\u00bb4.4.2&#8243;][et_pb_column type=\u00bb4_4&#8243; _builder_version=\u00bb4.4.2&#8243;][et_pb_text admin_label=\u00bbLa Reynerie &#8211; TO7&#8243; _builder_version=\u00bb4.4.2&#8243;]<\/p>\n<p style=\"text-align: justify;\">nacionalidades. Nuestra comunidad quiere estar en el coraz\u00f3n de esta realidad como una presencia de Iglesia cercana y acogedora, como signo de fraternidad.<\/p>\n<p style=\"text-align: justify;\">Cada una de las tres hermanas que la formamos est\u00e1 inserta en el barrio seg\u00fan sus posibilidades. Una de nosotras participa como voluntaria en la asociaci\u00f3n T.O.7 (Toulouse Ouverture 7), situada en los bajos de un bloque, no lejos de donde vivimos. Ah\u00ed acoge a las personas que llegan &#8211; del barrio y de otros lugares -, ofreci\u00e9ndoles un caf\u00e9, un t\u00e9, un zumo\u2026, todo ello con una sonrisa y buen humor; atendiendo a las necesidades de unos y otros, les orienta hacia los distintos servicios, a fin de dar una respuesta a sus peticiones (aprendizaje del franc\u00e9s, ayuda para tr\u00e1mites administrativos, b\u00fasqueda de empleo, cursos de inform\u00e1tica, etc.)<\/p>\n<p style=\"text-align: justify;\">TO7 es una asociaci\u00f3n fundada por los protestantes hace 36 a\u00f1os. Est\u00e1 abierta a todos sin distinci\u00f3n. Un lugar que permite conocerse mejor entre vecinos y con otras personas. De esta forma trata de construir una convivencia en armon\u00eda a trav\u00e9s de la relaci\u00f3n entre protestantes, musulmanes, cat\u00f3licos y otras confesiones. Las \u00abcomidas-debates\u00bb de los jueves es uno de los medios, un espacio en el que los participantes pueden informarse, reflexionar juntos, escucharse, expresarse en p\u00fablico. TO7 acompa\u00f1a tambi\u00e9n a las personas con dificultades a trav\u00e9s de numerosas actividades.<\/p>\n<p style=\"text-align: justify;\">Junto a los voluntarios y el personal de la Asociaci\u00f3n, hermana Carmen participa en la construcci\u00f3n de esa convivencia en armon\u00eda. As\u00ed encarnamos hoy lo que nuestro Fundador, el Padre Mauricio Garrigou, dec\u00eda a las hermanas: <strong>\u00abhagan el bien discretamente, sin ruido\u2026\u00bb<\/strong> Es nuestra misi\u00f3n de compasi\u00f3n.<\/p>\n<p style=\"text-align: right;\">Comunidad de La Reynerie<\/p>\n<p>[\/et_pb_text][\/et_pb_column][\/et_pb_row][\/et_pb_section]<\/p>\n","protected":false},"excerpt":{"rendered":"<p>La comunidad de la Reynerie, se fund\u00f3 en noviembre del 2006 en uno de los barrios perif\u00e9ricos de Toulouse (Francia): le Mirail, que significa \u00abespejo\u00bb en occitan, el idioma local. El barrio es efectivamente un reflejo de un mundo globalizado, con la presencia de diferentes culturas y m\u00e1s de 50nacionalidades. Nuestra comunidad quiere estar en [&hellip;]<\/p>\n","protected":false},"author":1,"featured_media":3089,"comment_status":"closed","ping_status":"closed","sticky":false,"template":"","format":"standard","meta":{"_et_pb_use_builder":"on","_et_pb_old_content":"","_et_gb_content_width":"","footnotes":""},"categories":[14],"tags":[78,79],"class_list":["post-3086","post","type-post","status-publish","format-standard","has-post-thumbnail","hentry","category-francia","tag-la-reynerie","tag-to7"],"_links":{"self":[{"href":"https:\/\/ndcompassion.com\/es\/wp-json\/wp\/v2\/posts\/3086","targetHints":{"allow":["GET"]}}],"collection":[{"href":"https:\/\/ndcompassion.com\/es\/wp-json\/wp\/v2\/posts"}],"about":[{"href":"https:\/\/ndcompassion.com\/es\/wp-json\/wp\/v2\/types\/post"}],"author":[{"embeddable":true,"href":"https:\/\/ndcompassion.com\/es\/wp-json\/wp\/v2\/users\/1"}],"replies":[{"embeddable":true,"href":"https:\/\/ndcompassion.com\/es\/wp-json\/wp\/v2\/comments?post=3086"}],"version-history":[{"count":11,"href":"https:\/\/ndcompassion.com\/es\/wp-json\/wp\/v2\/posts\/3086\/revisions"}],"predecessor-version":[{"id":3110,"href":"https:\/\/ndcompassion.com\/es\/wp-json\/wp\/v2\/posts\/3086\/revisions\/3110"}],"wp:featuredmedia":[{"embeddable":true,"href":"https:\/\/ndcompassion.com\/es\/wp-json\/wp\/v2\/media\/3089"}],"wp:attachment":[{"href":"https:\/\/ndcompassion.com\/es\/wp-json\/wp\/v2\/media?parent=3086"}],"wp:term":[{"taxonomy":"category","embeddable":true,"href":"https:\/\/ndcompassion.com\/es\/wp-json\/wp\/v2\/categories?post=3086"},{"taxonomy":"post_tag","embeddable":true,"href":"https:\/\/ndcompassion.com\/es\/wp-json\/wp\/v2\/tags?post=3086"}],"curies":[{"name":"wp","href":"https:\/\/api.w.org\/{rel}","templated":true}]}}