{"id":3056,"date":"2020-04-22T14:33:27","date_gmt":"2020-04-22T13:33:27","guid":{"rendered":"https:\/\/ndcompassion.com\/?p=3056"},"modified":"2020-04-22T14:42:31","modified_gmt":"2020-04-22T13:42:31","slug":"tiempo-de-compasion","status":"publish","type":"post","link":"https:\/\/ndcompassion.com\/es\/tiempo-de-compasion\/","title":{"rendered":"Tiempo de Compasi\u00f3n"},"content":{"rendered":"<p>[et_pb_section fb_built=\u00bb1&#8243; _builder_version=\u00bb4.4.2&#8243;][et_pb_row column_structure=\u00bb3_4,1_4&#8243; _builder_version=\u00bb4.4.2&#8243;][et_pb_column type=\u00bb3_4&#8243; _builder_version=\u00bb4.4.2&#8243;][et_pb_text admin_label=\u00bbSanduzelai &#8211; Tiempo de Compasi\u00f3n\u00bb _builder_version=\u00bb4.4.2&#8243;]<\/p>\n<p style=\"text-align: justify;\">La Comunidad de Sanduzelai (Pamplona) os comparte la experiencia gozosa, acompa\u00f1ando a nuestras Hnas. de la Residencia de Beloso.<\/p>\n<p style=\"text-align: justify;\">Es un <strong>tiempo<\/strong> para mantener vivo el deseo de la ternura de Dios, y para descubrir juntas los muchos signos de Compasi\u00f3n en el mundo.<\/p>\n<p style=\"text-align: justify;\">Estamos inmersas en el <strong>tiempo de lo peque\u00f1o<\/strong><br \/>\u201cMucha gente peque\u00f1a, en lugares peque\u00f1os, haciendo cosas peque\u00f1as, puede cambiar el mundo\u201d (E. Galeano)<\/p>\n<p>[\/et_pb_text][\/et_pb_column][et_pb_column type=\u00bb1_4&#8243; _builder_version=\u00bb4.4.2&#8243;][et_pb_image src=\u00bbhttps:\/\/ndcompassion.com\/wp-content\/uploads\/2020\/04\/TiempoCompasion02_800.jpg\u00bb admin_label=\u00bbImagen Tiempos de Compasi\u00f3n en Sanduzelai &#8211; cosiendo\u00bb _builder_version=\u00bb4.4.2&#8243; animation_style=\u00bbslide\u00bb][\/et_pb_image][\/et_pb_column][\/et_pb_row][et_pb_row column_structure=\u00bb1_3,2_3&#8243; _builder_version=\u00bb4.4.2&#8243;][et_pb_column type=\u00bb1_3&#8243; _builder_version=\u00bb4.4.2&#8243;][et_pb_image src=\u00bbhttps:\/\/ndcompassion.com\/wp-content\/uploads\/2020\/04\/TiempoCompasion03_800.jpg\u00bb admin_label=\u00bbImagen &#8211; Tiempos de Compasi\u00f3n en Sanduzelai &#8211; peluquer\u00eda\u00bb _builder_version=\u00bb4.4.2&#8243; animation_style=\u00bbslide\u00bb][\/et_pb_image][\/et_pb_column][et_pb_column type=\u00bb2_3&#8243; _builder_version=\u00bb4.4.2&#8243;][et_pb_text admin_label=\u00bbTexto &#8211;  Sanduzelai\u00bb _builder_version=\u00bb4.4.2&#8243;]<\/p>\n<p style=\"text-align: justify;\">Aqu\u00ed nos ubicamos: regalando <strong>tiempo<\/strong>: en la escucha paciente, en los servicios de peluquer\u00eda, podolog\u00eda, coser ropas que se van rompiendo; orando juntas, compartiendo lo que vivimos en la Congregaci\u00f3n, fiestas&#8230;<\/p>\n<p style=\"text-align: justify;\">Creemos, que: \u201cEstamos a <strong>tiempo<\/strong> de retejer este tapiz de la Compasi\u00f3n y de reentretejernos en \u00e9l. Cada hebra es muy<\/p>\n<p>[\/et_pb_text][\/et_pb_column][\/et_pb_row][et_pb_row _builder_version=\u00bb4.4.2&#8243;][et_pb_column type=\u00bb4_4&#8243; _builder_version=\u00bb4.4.2&#8243;][et_pb_text _builder_version=\u00bb4.4.2&#8243;]<\/p>\n<p style=\"text-align: justify;\">fr\u00e1gil, pero el tapiz en su conjunto tiene el colorido y la robustez de los much@s, hecho de las innumerables fragilidades entretejidas\u201d (Palabras de Sandra Myrna d\u00eda de la entrega de los Premios Pr\u00edncipe de Asturias)<\/p>\n<p style=\"text-align: justify;\">Quedan invitadas a seguir retejiendo este tapiz de la Compasi\u00f3n.<\/p>\n<p style=\"text-align: justify;\">Besos para todas.<\/p>\n<p style=\"text-align: right;\"><strong>Comunidad de Sanduzelai-Espa\u00f1a<\/strong><\/p>\n<p>[\/et_pb_text][\/et_pb_column][\/et_pb_row][\/et_pb_section]<\/p>\n","protected":false},"excerpt":{"rendered":"<p>La Comunidad de Sanduzelai (Pamplona) os comparte la experiencia gozosa, acompa\u00f1ando a nuestras Hnas. de la Residencia de Beloso. Es un tiempo para mantener vivo el deseo de la ternura de Dios, y para descubrir juntas los muchos signos de Compasi\u00f3n en el mundo. Estamos inmersas en el tiempo de lo peque\u00f1o\u201cMucha gente peque\u00f1a, en [&hellip;]<\/p>\n","protected":false},"author":1,"featured_media":3023,"comment_status":"closed","ping_status":"closed","sticky":false,"template":"","format":"standard","meta":{"_et_pb_use_builder":"on","_et_pb_old_content":"","_et_gb_content_width":"","footnotes":""},"categories":[13],"tags":[68,72],"class_list":["post-3056","post","type-post","status-publish","format-standard","has-post-thumbnail","hentry","category-espana","tag-compasion","tag-sanduzelai-es"],"_links":{"self":[{"href":"https:\/\/ndcompassion.com\/es\/wp-json\/wp\/v2\/posts\/3056","targetHints":{"allow":["GET"]}}],"collection":[{"href":"https:\/\/ndcompassion.com\/es\/wp-json\/wp\/v2\/posts"}],"about":[{"href":"https:\/\/ndcompassion.com\/es\/wp-json\/wp\/v2\/types\/post"}],"author":[{"embeddable":true,"href":"https:\/\/ndcompassion.com\/es\/wp-json\/wp\/v2\/users\/1"}],"replies":[{"embeddable":true,"href":"https:\/\/ndcompassion.com\/es\/wp-json\/wp\/v2\/comments?post=3056"}],"version-history":[{"count":7,"href":"https:\/\/ndcompassion.com\/es\/wp-json\/wp\/v2\/posts\/3056\/revisions"}],"predecessor-version":[{"id":3068,"href":"https:\/\/ndcompassion.com\/es\/wp-json\/wp\/v2\/posts\/3056\/revisions\/3068"}],"wp:featuredmedia":[{"embeddable":true,"href":"https:\/\/ndcompassion.com\/es\/wp-json\/wp\/v2\/media\/3023"}],"wp:attachment":[{"href":"https:\/\/ndcompassion.com\/es\/wp-json\/wp\/v2\/media?parent=3056"}],"wp:term":[{"taxonomy":"category","embeddable":true,"href":"https:\/\/ndcompassion.com\/es\/wp-json\/wp\/v2\/categories?post=3056"},{"taxonomy":"post_tag","embeddable":true,"href":"https:\/\/ndcompassion.com\/es\/wp-json\/wp\/v2\/tags?post=3056"}],"curies":[{"name":"wp","href":"https:\/\/api.w.org\/{rel}","templated":true}]}}