{"id":2799,"date":"2020-01-31T16:32:00","date_gmt":"2020-01-31T15:32:00","guid":{"rendered":"https:\/\/ndcompassion.com\/?p=2799"},"modified":"2020-01-31T16:39:37","modified_gmt":"2020-01-31T15:39:37","slug":"anuncia-cumple-100-anos","status":"publish","type":"post","link":"https:\/\/ndcompassion.com\/es\/anuncia-cumple-100-anos\/","title":{"rendered":"\u00a1\u00a1\u00a1ANUNCIA CUMPLE 100 A\u00d1OS!!!"},"content":{"rendered":"<p>[et_pb_section fb_built=\u00bb1&#8243; _builder_version=\u00bb4.0.9&#8243;][et_pb_row column_structure=\u00bb2_5,3_5&#8243; _builder_version=\u00bb4.0.9&#8243;][et_pb_column type=\u00bb2_5&#8243; _builder_version=\u00bb4.0.9&#8243;][et_pb_image src=\u00bbhttps:\/\/ndcompassion.com\/wp-content\/uploads\/2020\/01\/VillasanaCumple100_01_800.jpg\u00bb _builder_version=\u00bb4.0.9&#8243; animation_style=\u00bbslide\u00bb][\/et_pb_image][\/et_pb_column][et_pb_column type=\u00bb3_5&#8243; _builder_version=\u00bb4.0.9&#8243;][et_pb_text _builder_version=\u00bb4.0.9&#8243;]<\/p>\n<p style=\"text-align: justify;\">El d\u00eda 9, nos reunimos la familia de Anuncia y la familia de la Compasi\u00f3n para celebrar sus cien a\u00f1os de vida y dar gracias a Dios y gracias a Anuncia.<\/p>\n<p style=\"text-align: justify;\">Haciendo una breve rese\u00f1a de su vida, la podemos titular: <strong>EL SABOR DEL TIEMPO<\/strong>. Es el sabor de la vida que ella nos est\u00e1 regalando. Somos conscientes de que el tiempo es un precioso regalo.<\/p>\n<p style=\"text-align: justify;\">Hoy nos invita a gustar su vida, porque ha sabido saborear la <strong>PALABRA<\/strong>, el Evangelio de cada d\u00eda que se le ha ido ofreciendo con sabores nuevos, a veces desconcertantes. La <strong>Palabra<\/strong> que le ha alentado a vivir desde el cari\u00f1o, siempre disponible, y en esperanza gozosa a emprender caminos nuevos. Entre ellos, como fundadora de la primera comunidad en el Per\u00fa. \u00a1Cu\u00e1nto sigue disfrutando al recordar aquella aventura\u2026!<\/p>\n<p>[\/et_pb_text][\/et_pb_column][\/et_pb_row][et_pb_row _builder_version=\u00bb4.0.9&#8243;][et_pb_column type=\u00bb4_4&#8243; _builder_version=\u00bb4.0.9&#8243;][et_pb_text _builder_version=\u00bb4.0.9&#8243; hover_enabled=\u00bb0&#8243;]<\/p>\n<p style=\"text-align: justify;\">Las que la conocemos hemos visto que un d\u00eda decidi\u00f3 sonre\u00edr a la vida, a las hermanas, a los cambios, a las p\u00e9rdidas y desgastes que traen los a\u00f1os\u2026 incluso a re\u00edrse de ella misma. Es un arte procurar sonre\u00edr y agradecer lo que se est\u00e1 viviendo.<\/p>\n<p style=\"text-align: justify;\">Tambi\u00e9n nosotras le agradecemos todo lo que en esta etapa de su vida nos sigue regalando: esa serenidad, esa paz\u2026, sus respuestas sabias e ingeniosas, tan espont\u00e1neas que siempre nos hacen sonre\u00edr.<\/p>\n<p style=\"text-align: justify;\">Desde que no oye casi nada, nos ha ense\u00f1ado el arte de escuchar con el coraz\u00f3n, vivir desde la interioridad y saborear el silencio y a veces la soledad. Y es que su roca firme, en la que se apoya, aparte del bast\u00f3n, es <strong>JES\u00daS EL COMPASIVO<\/strong>, la Compasi\u00f3n hecha de ternura y lentitud, porque las cosas importantes se van formando lentamente. Su vida nos habla de la sabidur\u00eda de la lentitud y la serenidad. Nos habla del Dios Compasivo.<\/p>\n<p>[\/et_pb_text][\/et_pb_column][\/et_pb_row][\/et_pb_section]<\/p>\n","protected":false},"excerpt":{"rendered":"<p>El d\u00eda 9, nos reunimos la familia de Anuncia y la familia de la Compasi\u00f3n para celebrar sus cien a\u00f1os de vida y dar gracias a Dios y gracias a Anuncia. Haciendo una breve rese\u00f1a de su vida, la podemos titular: EL SABOR DEL TIEMPO. Es el sabor de la vida que ella nos est\u00e1 [&hellip;]<\/p>\n","protected":false},"author":1,"featured_media":2811,"comment_status":"closed","ping_status":"closed","sticky":false,"template":"","format":"standard","meta":{"_et_pb_use_builder":"on","_et_pb_old_content":"","_et_gb_content_width":"","footnotes":""},"categories":[13],"tags":[],"class_list":["post-2799","post","type-post","status-publish","format-standard","has-post-thumbnail","hentry","category-espana"],"_links":{"self":[{"href":"https:\/\/ndcompassion.com\/es\/wp-json\/wp\/v2\/posts\/2799","targetHints":{"allow":["GET"]}}],"collection":[{"href":"https:\/\/ndcompassion.com\/es\/wp-json\/wp\/v2\/posts"}],"about":[{"href":"https:\/\/ndcompassion.com\/es\/wp-json\/wp\/v2\/types\/post"}],"author":[{"embeddable":true,"href":"https:\/\/ndcompassion.com\/es\/wp-json\/wp\/v2\/users\/1"}],"replies":[{"embeddable":true,"href":"https:\/\/ndcompassion.com\/es\/wp-json\/wp\/v2\/comments?post=2799"}],"version-history":[{"count":5,"href":"https:\/\/ndcompassion.com\/es\/wp-json\/wp\/v2\/posts\/2799\/revisions"}],"predecessor-version":[{"id":2815,"href":"https:\/\/ndcompassion.com\/es\/wp-json\/wp\/v2\/posts\/2799\/revisions\/2815"}],"wp:featuredmedia":[{"embeddable":true,"href":"https:\/\/ndcompassion.com\/es\/wp-json\/wp\/v2\/media\/2811"}],"wp:attachment":[{"href":"https:\/\/ndcompassion.com\/es\/wp-json\/wp\/v2\/media?parent=2799"}],"wp:term":[{"taxonomy":"category","embeddable":true,"href":"https:\/\/ndcompassion.com\/es\/wp-json\/wp\/v2\/categories?post=2799"},{"taxonomy":"post_tag","embeddable":true,"href":"https:\/\/ndcompassion.com\/es\/wp-json\/wp\/v2\/tags?post=2799"}],"curies":[{"name":"wp","href":"https:\/\/api.w.org\/{rel}","templated":true}]}}