{"id":2660,"date":"2020-01-14T10:30:49","date_gmt":"2020-01-14T09:30:49","guid":{"rendered":"https:\/\/ndcompassion.com\/?p=2660"},"modified":"2020-01-15T02:34:28","modified_gmt":"2020-01-15T01:34:28","slug":"estoy-alegre-porque-el-senor-ha-estado-grande-conmigo","status":"publish","type":"post","link":"https:\/\/ndcompassion.com\/es\/estoy-alegre-porque-el-senor-ha-estado-grande-conmigo\/","title":{"rendered":"Estoy alegre porque el se\u00f1or ha estado grande conmigo\u2026"},"content":{"rendered":"<p>[et_pb_section fb_built=\u00bb1&#8243; admin_label=\u00bbsection\u00bb _builder_version=\u00bb3.22&#8243;][et_pb_row column_structure=\u00bb1_2,1_2&#8243; _builder_version=\u00bb4.0.9&#8243;][et_pb_column type=\u00bb1_2&#8243; _builder_version=\u00bb4.0.9&#8243;][et_pb_image src=\u00bbhttps:\/\/ndcompassion.com\/wp-content\/uploads\/2020\/01\/202001_ate01_800.jpg\u00bb _builder_version=\u00bb4.0.9&#8243; animation_style=\u00bbslide\u00bb][\/et_pb_image][\/et_pb_column][et_pb_column type=\u00bb1_2&#8243; _builder_version=\u00bb4.0.9&#8243;][et_pb_text _builder_version=\u00bb4.0.9&#8243;]<\/p>\n<p style=\"text-align: justify;\">El d\u00eda 1 de noviembre, fiesta de la Congregaci\u00f3n, celebramos las Bodas de Oro de Merche como hermana de la Compasi\u00f3n.<\/p>\n<p style=\"text-align: justify;\">Fue un d\u00eda de encuentros antes y despu\u00e9s de la Eucarist\u00eda que tuvo lugar en la parroquia de Ate a las 4 pm. Las dos comunidades de Lima nos reunimos para la oraci\u00f3n y el almuerzo.<\/p>\n<p style=\"text-align: justify;\">El momento central de la fiesta fue la Eucarist\u00eda para dar gracias al Se\u00f1or por los 202 a\u00f1os de fundaci\u00f3n de la Congregaci\u00f3n y los 50 a\u00f1os de vida religiosa de Merche,<\/p>\n<p>[\/et_pb_text][\/et_pb_column][\/et_pb_row][et_pb_row admin_label=\u00bbrow\u00bb _builder_version=\u00bb3.25&#8243; background_size=\u00bbinitial\u00bb background_position=\u00bbtop_left\u00bb background_repeat=\u00bbrepeat\u00bb][et_pb_column type=\u00bb4_4&#8243; _builder_version=\u00bb3.25&#8243; custom_padding=\u00bb|||\u00bb custom_padding__hover=\u00bb|||\u00bb][et_pb_text _builder_version=\u00bb4.0.9&#8243; hover_enabled=\u00bb0&#8243;]<\/p>\n<p style=\"text-align: justify;\">en la que participaron las hermanas, miembros de las CCC, grupo de misioneros compasionistas, amigos y vecinos del barrio. El coro parroquial anim\u00f3 la Eucarist\u00eda con los instrumentos peruanos: quena, guitarras, bombo y semillas\u2026.<\/p>\n<p style=\"text-align: justify;\">Merche al final de la Eucarist\u00eda, comparti\u00f3 su acci\u00f3n de gracias, reconociendo, con alegr\u00eda y agradecimiento, la fidelidad, el amor y compasi\u00f3n que el Se\u00f1or ha tenido a lo largo de su camino, haciendo un breve recorrido de personas, acontecimientos y servicios que han marcado su vida y que le han posibilitado llegar hasta hoy.<\/p>\n<p style=\"text-align: justify;\">Despu\u00e9s de la Eucarist\u00eda se pas\u00f3 a la casa para el brindis y el compartir. Fue un espacio entra\u00f1able para las felicitaciones, abrazos, agradecimientos, \u2026 y donde se degust\u00f3 un rico tamal arequipe\u00f1o y un sabroso escabeche de pollo a lo lime\u00f1o. Acompa\u00f1ados de la m\u00fasica folkl\u00f3rica, el baile festivo y el recuerdo entra\u00f1able de las Hnas. que han pasado por esta comunidad y han dejado un recuerdo inolvidable.<\/p>\n<p style=\"text-align: right;\">La Comunidad de Ate.<\/p>\n<p>[\/et_pb_text][\/et_pb_column][\/et_pb_row][\/et_pb_section]<\/p>\n","protected":false},"excerpt":{"rendered":"<p>El d\u00eda 1 de noviembre, fiesta de la Congregaci\u00f3n, celebramos las Bodas de Oro de Merche como hermana de la Compasi\u00f3n. Fue un d\u00eda de encuentros antes y despu\u00e9s de la Eucarist\u00eda que tuvo lugar en la parroquia de Ate a las 4 pm. Las dos comunidades de Lima nos reunimos para la oraci\u00f3n y [&hellip;]<\/p>\n","protected":false},"author":1,"featured_media":2668,"comment_status":"closed","ping_status":"closed","sticky":false,"template":"","format":"standard","meta":{"_et_pb_use_builder":"on","_et_pb_old_content":"","_et_gb_content_width":"","footnotes":""},"categories":[16],"tags":[],"class_list":["post-2660","post","type-post","status-publish","format-standard","has-post-thumbnail","hentry","category-peru"],"_links":{"self":[{"href":"https:\/\/ndcompassion.com\/es\/wp-json\/wp\/v2\/posts\/2660","targetHints":{"allow":["GET"]}}],"collection":[{"href":"https:\/\/ndcompassion.com\/es\/wp-json\/wp\/v2\/posts"}],"about":[{"href":"https:\/\/ndcompassion.com\/es\/wp-json\/wp\/v2\/types\/post"}],"author":[{"embeddable":true,"href":"https:\/\/ndcompassion.com\/es\/wp-json\/wp\/v2\/users\/1"}],"replies":[{"embeddable":true,"href":"https:\/\/ndcompassion.com\/es\/wp-json\/wp\/v2\/comments?post=2660"}],"version-history":[{"count":10,"href":"https:\/\/ndcompassion.com\/es\/wp-json\/wp\/v2\/posts\/2660\/revisions"}],"predecessor-version":[{"id":2694,"href":"https:\/\/ndcompassion.com\/es\/wp-json\/wp\/v2\/posts\/2660\/revisions\/2694"}],"wp:featuredmedia":[{"embeddable":true,"href":"https:\/\/ndcompassion.com\/es\/wp-json\/wp\/v2\/media\/2668"}],"wp:attachment":[{"href":"https:\/\/ndcompassion.com\/es\/wp-json\/wp\/v2\/media?parent=2660"}],"wp:term":[{"taxonomy":"category","embeddable":true,"href":"https:\/\/ndcompassion.com\/es\/wp-json\/wp\/v2\/categories?post=2660"},{"taxonomy":"post_tag","embeddable":true,"href":"https:\/\/ndcompassion.com\/es\/wp-json\/wp\/v2\/tags?post=2660"}],"curies":[{"name":"wp","href":"https:\/\/api.w.org\/{rel}","templated":true}]}}