{"id":2467,"date":"2019-11-25T10:30:52","date_gmt":"2019-11-25T09:30:52","guid":{"rendered":"https:\/\/ndcompassion.com\/?p=2467"},"modified":"2019-11-20T17:43:27","modified_gmt":"2019-11-20T16:43:27","slug":"abriendo-caminos-junto-a-los-laicos-en-manchay","status":"publish","type":"post","link":"https:\/\/ndcompassion.com\/es\/abriendo-caminos-junto-a-los-laicos-en-manchay\/","title":{"rendered":"Abriendo caminos junto a los laicos en Manchay"},"content":{"rendered":"<p>[et_pb_section fb_built=\u00bb1&#8243; _builder_version=\u00bb3.29.2&#8243; fb_built=\u00bb1&#8243; _i=\u00bb0&#8243; _address=\u00bb0&#8243;][et_pb_row column_structure=\u00bb3_5,2_5&#8243; _builder_version=\u00bb3.29.2&#8243; _i=\u00bb0&#8243; _address=\u00bb0.0&#8243;][et_pb_column type=\u00bb3_5&#8243; _builder_version=\u00bb3.29.2&#8243; _i=\u00bb0&#8243; _address=\u00bb0.0.0&#8243;][et_pb_text admin_label=\u00bbTexto Abriendo caminos I\u00bb _builder_version=\u00bb3.29.2&#8243; _i=\u00bb0&#8243; _address=\u00bb0.0.0.0&#8243;]<\/p>\n<p style=\"text-align: justify;\">En el Per\u00fa a lo largo del a\u00f1o 2018 se han teniendo varios encuentros con los laicos que hab\u00edan respondido a la Encuesta<sup>1<\/sup> para dialogar la manera de c\u00f3mo seguir colaborando en la misi\u00f3n que llevan las hermanas en Lima. En estos encuentros se fueron proponiendo varias alternativas de colaboraci\u00f3n y de dedicaci\u00f3n de los laicos seg\u00fan sus posibilidades.<\/p>\n<p style=\"text-align: justify;\">Fue muy bien acogida del Proyecto de Apoyo Escolar que se lleva en Manchay. Y a lo largo del a\u00f1o se ha ido consolidando el grupo de laicos que est\u00e1 participando en dicho proyecto. Entre los laicos del grupo, hay profesionales en Educaci\u00f3n, Salud, Psicolog\u00eda, \u00c1mbito Legal, Podolog\u00eda y Estilistas. Lo que ha posibilitado ampliar las actividades del Proyecto y responder mejor y de manera m\u00e1s eficaz a necesidades b\u00e1sicas que sufre esta poblaci\u00f3n.<\/p>\n<p>[\/et_pb_text][\/et_pb_column][et_pb_column type=\u00bb2_5&#8243; _builder_version=\u00bb3.29.2&#8243; _i=\u00bb1&#8243; _address=\u00bb0.0.1&#8243;][et_pb_image src=\u00bbhttps:\/\/ndcompassion.com\/wp-content\/uploads\/2019\/11\/Manchay03_800-1.jpg\u00bb admin_label=\u00bbImagen Abriendo caminos junto a los laicos\u00bb _builder_version=\u00bb3.29.2&#8243; animation_style=\u00bbslide\u00bb _i=\u00bb0&#8243; _address=\u00bb0.0.1.0&#8243;][\/et_pb_image][\/et_pb_column][\/et_pb_row][et_pb_row column_structure=\u00bb1_2,1_2&#8243; _builder_version=\u00bb3.29.2&#8243; _i=\u00bb1&#8243; _address=\u00bb0.1&#8243;][et_pb_column type=\u00bb1_2&#8243; _builder_version=\u00bb3.29.2&#8243; _i=\u00bb0&#8243; _address=\u00bb0.1.0&#8243;][et_pb_image src=\u00bbhttps:\/\/ndcompassion.com\/wp-content\/uploads\/2019\/11\/Manchay02_800.jpg\u00bb admin_label=\u00bbImagen Abriendo caminos junto a los laicos 2&#8243; _builder_version=\u00bb3.29.2&#8243; animation_style=\u00bbslide\u00bb _i=\u00bb0&#8243; _address=\u00bb0.1.0.0&#8243;][\/et_pb_image][\/et_pb_column][et_pb_column type=\u00bb1_2&#8243; _builder_version=\u00bb3.29.2&#8243; _i=\u00bb1&#8243; _address=\u00bb0.1.1&#8243;][et_pb_text admin_label=\u00bbTexto Abriendo caminos con los laicos II\u00bb _builder_version=\u00bb3.29.2&#8243; _i=\u00bb0&#8243; _address=\u00bb0.1.1.0&#8243;]<\/p>\n<p style=\"text-align: justify;\">Es as\u00ed c\u00f3mo se han programado diversas campa\u00f1as a lo largo de este a\u00f1o 2019 con los ni\u00f1os y padres\/madres de familia del apoyo escolar:<\/p>\n<ul>\n<li style=\"text-align: justify;\">Orientaci\u00f3n psicol\u00f3gica a los ni\u00f1os y familias necesitadas de ser escuchadas y acompa\u00f1adas.<\/li>\n<li style=\"text-align: justify;\">Orientaci\u00f3n legal a hogares con problemas judiciales y jur\u00eddicos.<\/li>\n<li style=\"text-align: justify;\">En el \u00e1mbito educativo, se vienen desarrollando diversas actividades pedag\u00f3gicas para potenciar en los ni\u00f1os la interacci\u00f3n entre ellos a trav\u00e9s del juego libre, as\u00ed como la creatividad y el liderazgo.<\/li>\n<\/ul>\n<p>[\/et_pb_text][\/et_pb_column][\/et_pb_row][et_pb_row _builder_version=\u00bb3.29.2&#8243; _i=\u00bb2&#8243; _address=\u00bb0.2&#8243;][et_pb_column type=\u00bb4_4&#8243; _builder_version=\u00bb3.29.2&#8243; _i=\u00bb0&#8243; _address=\u00bb0.2.0&#8243;][et_pb_text admin_label=\u00bbTexto Abriendo caminos con los laicos III\u00bb _builder_version=\u00bb3.29.2&#8243; hover_enabled=\u00bb0&#8243; _i=\u00bb0&#8243; _address=\u00bb0.2.0.0&#8243;]<\/p>\n<ul>\n<li style=\"text-align: justify;\">En salud han sido muy significativas las campa\u00f1as de prevenci\u00f3n, para descartar enfermedades tropicales que afectan a estos sectores, debido a la poluci\u00f3n ambiental, la falta de higiene y el autocuidado.<\/li>\n<li style=\"text-align: justify;\">Sesiones de podolog\u00eda, maquillaje y corte de cabello. Todo ello en beneficio del cuidado del cuerpo y autoestima personal. El tener las u\u00f1as de manos y pies limpios, el cuidado del cabello y rostro, repercute en el bienestar y \u00e1nimo de las mam\u00e1s, se sienten elegantes y contentas.<\/li>\n<\/ul>\n<p style=\"text-align: justify;\">Estos espacios han sido muy valorados por la poblaci\u00f3n. Las mam\u00e1s est\u00e1n muy agradecidas por la atenci\u00f3n y escucha que se les dedica y sobre todo cuando se dan cuenta que los otros se preocupan por ellos para un mejor bienestar personal y familiar, que es gratuito y dado con generosidad.<\/p>\n<p>Cdad. de los Rosales<\/p>\n<p>______________________<br \/><sup>1<\/sup> Resultados de la Encuesta, mayo 2018. Encuesta del Consejo General, 2017<\/p>\n<p>[\/et_pb_text][\/et_pb_column][\/et_pb_row][\/et_pb_section]<\/p>\n","protected":false},"excerpt":{"rendered":"<p>En el Per\u00fa a lo largo del a\u00f1o 2018 se han teniendo varios encuentros con los laicos que hab\u00edan respondido a la Encuesta1 para dialogar la manera de c\u00f3mo seguir colaborando en la misi\u00f3n que llevan las hermanas en Lima. En estos encuentros se fueron proponiendo varias alternativas de colaboraci\u00f3n y de dedicaci\u00f3n de los [&hellip;]<\/p>\n","protected":false},"author":1,"featured_media":2470,"comment_status":"closed","ping_status":"closed","sticky":false,"template":"","format":"standard","meta":{"_et_pb_use_builder":"on","_et_pb_old_content":"","_et_gb_content_width":"","footnotes":""},"categories":[16],"tags":[],"class_list":["post-2467","post","type-post","status-publish","format-standard","has-post-thumbnail","hentry","category-peru"],"_links":{"self":[{"href":"https:\/\/ndcompassion.com\/es\/wp-json\/wp\/v2\/posts\/2467","targetHints":{"allow":["GET"]}}],"collection":[{"href":"https:\/\/ndcompassion.com\/es\/wp-json\/wp\/v2\/posts"}],"about":[{"href":"https:\/\/ndcompassion.com\/es\/wp-json\/wp\/v2\/types\/post"}],"author":[{"embeddable":true,"href":"https:\/\/ndcompassion.com\/es\/wp-json\/wp\/v2\/users\/1"}],"replies":[{"embeddable":true,"href":"https:\/\/ndcompassion.com\/es\/wp-json\/wp\/v2\/comments?post=2467"}],"version-history":[{"count":7,"href":"https:\/\/ndcompassion.com\/es\/wp-json\/wp\/v2\/posts\/2467\/revisions"}],"predecessor-version":[{"id":2496,"href":"https:\/\/ndcompassion.com\/es\/wp-json\/wp\/v2\/posts\/2467\/revisions\/2496"}],"wp:featuredmedia":[{"embeddable":true,"href":"https:\/\/ndcompassion.com\/es\/wp-json\/wp\/v2\/media\/2470"}],"wp:attachment":[{"href":"https:\/\/ndcompassion.com\/es\/wp-json\/wp\/v2\/media?parent=2467"}],"wp:term":[{"taxonomy":"category","embeddable":true,"href":"https:\/\/ndcompassion.com\/es\/wp-json\/wp\/v2\/categories?post=2467"},{"taxonomy":"post_tag","embeddable":true,"href":"https:\/\/ndcompassion.com\/es\/wp-json\/wp\/v2\/tags?post=2467"}],"curies":[{"name":"wp","href":"https:\/\/api.w.org\/{rel}","templated":true}]}}