{"id":2419,"date":"2019-11-15T14:02:39","date_gmt":"2019-11-15T13:02:39","guid":{"rendered":"https:\/\/ndcompassion.com\/?p=2419"},"modified":"2019-11-15T14:04:05","modified_gmt":"2019-11-15T13:04:05","slug":"celebrar-la-vida-con-la-senora-tarride","status":"publish","type":"post","link":"https:\/\/ndcompassion.com\/es\/celebrar-la-vida-con-la-senora-tarride\/","title":{"rendered":"Celebrar la vida con la se\u00f1ora Tarride"},"content":{"rendered":"<p>[et_pb_section fb_built=\u00bb1&#8243; _builder_version=\u00bb3.29.2&#8243; fb_built=\u00bb1&#8243; _i=\u00bb0&#8243; _address=\u00bb0&#8243;][et_pb_row column_structure=\u00bb2_5,3_5&#8243; _builder_version=\u00bb3.29.2&#8243; _i=\u00bb0&#8243; _address=\u00bb0.0&#8243;][et_pb_column type=\u00bb2_5&#8243; _builder_version=\u00bb3.29.2&#8243; _i=\u00bb0&#8243; _address=\u00bb0.0.0&#8243;][et_pb_image src=\u00bbhttps:\/\/ndcompassion.com\/wp-content\/uploads\/2019\/11\/Marignac_Nanette02_800.jpg\u00bb admin_label=\u00bbImage madame Tarride\u00bb _builder_version=\u00bb3.29.2&#8243; animation_style=\u00bbslide\u00bb _i=\u00bb0&#8243; _address=\u00bb0.0.0.0&#8243;][\/et_pb_image][\/et_pb_column][et_pb_column type=\u00bb3_5&#8243; _builder_version=\u00bb3.29.2&#8243; _i=\u00bb1&#8243; _address=\u00bb0.0.1&#8243;][et_pb_text admin_label=\u00bbTexto madame Tarride\u00bb _builder_version=\u00bb3.29.2&#8243; hover_enabled=\u00bb0&#8243; _i=\u00bb0&#8243; _address=\u00bb0.0.1.0&#8243;]<\/p>\n<p style=\"text-align: justify;\">Hay personas y acontecimientos que no se pueden ni olvidar ni pasar por alto. As\u00ed el 14 de julio de este a\u00f1o, la se\u00f1ora Encarnaci\u00f3n Tarride -conocida cari\u00f1osamente por \u201cNenette\u201d- ha cumplido 90 a\u00f1os y su familia ha querido organizar en su honor una gran fiesta en su pueblo de Marignac en la sala de festejos del Ayuntamiento.<\/p>\n<p style=\"text-align: justify;\">Nenette hab\u00eda invitado a conocidos y amigos de su generaci\u00f3n y a nosotras, la comunidad de Hnas. de la Compasi\u00f3n. La fiesta se ha desarrollado en un ambiente alegre, simp\u00e1tico y fraternal en el que no han faltado los regalos, en particular un hermoso \u00e1lbum de fotos de recuerdos y de agradecimientos.<\/p>\n<p>[\/et_pb_text][\/et_pb_column][\/et_pb_row][et_pb_row _builder_version=\u00bb3.29.2&#8243;][et_pb_column _builder_version=\u00bb3.29.2&#8243; type=\u00bb4_4&#8243;][et_pb_text _builder_version=\u00bb3.29.2&#8243; admin_label=\u00bbTexto madame Tarride 2&#8243; hover_enabled=\u00bb0&#8243;]<\/p>\n<p style=\"text-align: justify;\">La parroquia, en la que ella colabora activamente, ha querido celebrar una misa de acci\u00f3n de gracias por el don de su vida. Porque, efectivamente la se\u00f1ora Tarride es alguien excepcional: sensible, atenta con todos y de una gran generosidad. Cuando llegamos como comunidad a Marignac, ella nos ayud\u00f3 a conocer el sector y a entrar en relaci\u00f3n con las personas a las que pod\u00edamos visitar o ayudar. Muchas veces nos ha llevado en su coche a los pueblos de monta\u00f1a para participar en la misa dominical cuando no la hay en Marignac y nunca nos faltan frutas y verduras de su propia huerta. Como se dice vulgarmente \u201ctiene el coraz\u00f3n en la mano\u201d.<\/p>\n<p style=\"text-align: justify;\">\u00a1Gracias Nenette por tantas p\u00e1ginas de Evangelio vividas contigo! Y, repitiendo una expresi\u00f3n bien tuya: \u201csi es la voluntad de Dios\u201d, esperamos acompa\u00f1arte en tus 100 a\u00f1os con gran afecto y agradecimiento.<\/p>\n<p style=\"text-align: right;\">La Comunidad de Hnas. de la Compasi\u00f3n de Marignac (Francia)<\/p>\n<p>[\/et_pb_text][\/et_pb_column][\/et_pb_row][\/et_pb_section]<\/p>\n","protected":false},"excerpt":{"rendered":"<p>Hay personas y acontecimientos que no se pueden ni olvidar ni pasar por alto. As\u00ed el 14 de julio de este a\u00f1o, la se\u00f1ora Encarnaci\u00f3n Tarride -conocida cari\u00f1osamente por \u201cNenette\u201d- ha cumplido 90 a\u00f1os y su familia ha querido organizar en su honor una gran fiesta en su pueblo de Marignac en la sala de [&hellip;]<\/p>\n","protected":false},"author":1,"featured_media":2412,"comment_status":"closed","ping_status":"closed","sticky":false,"template":"","format":"standard","meta":{"_et_pb_use_builder":"on","_et_pb_old_content":"","_et_gb_content_width":"","footnotes":""},"categories":[14],"tags":[],"class_list":["post-2419","post","type-post","status-publish","format-standard","has-post-thumbnail","hentry","category-francia"],"_links":{"self":[{"href":"https:\/\/ndcompassion.com\/es\/wp-json\/wp\/v2\/posts\/2419","targetHints":{"allow":["GET"]}}],"collection":[{"href":"https:\/\/ndcompassion.com\/es\/wp-json\/wp\/v2\/posts"}],"about":[{"href":"https:\/\/ndcompassion.com\/es\/wp-json\/wp\/v2\/types\/post"}],"author":[{"embeddable":true,"href":"https:\/\/ndcompassion.com\/es\/wp-json\/wp\/v2\/users\/1"}],"replies":[{"embeddable":true,"href":"https:\/\/ndcompassion.com\/es\/wp-json\/wp\/v2\/comments?post=2419"}],"version-history":[{"count":3,"href":"https:\/\/ndcompassion.com\/es\/wp-json\/wp\/v2\/posts\/2419\/revisions"}],"predecessor-version":[{"id":2424,"href":"https:\/\/ndcompassion.com\/es\/wp-json\/wp\/v2\/posts\/2419\/revisions\/2424"}],"wp:featuredmedia":[{"embeddable":true,"href":"https:\/\/ndcompassion.com\/es\/wp-json\/wp\/v2\/media\/2412"}],"wp:attachment":[{"href":"https:\/\/ndcompassion.com\/es\/wp-json\/wp\/v2\/media?parent=2419"}],"wp:term":[{"taxonomy":"category","embeddable":true,"href":"https:\/\/ndcompassion.com\/es\/wp-json\/wp\/v2\/categories?post=2419"},{"taxonomy":"post_tag","embeddable":true,"href":"https:\/\/ndcompassion.com\/es\/wp-json\/wp\/v2\/tags?post=2419"}],"curies":[{"name":"wp","href":"https:\/\/api.w.org\/{rel}","templated":true}]}}