{"id":2377,"date":"2019-11-11T11:21:29","date_gmt":"2019-11-11T10:21:29","guid":{"rendered":"https:\/\/ndcompassion.com\/?p=2377"},"modified":"2019-11-11T11:21:34","modified_gmt":"2019-11-11T10:21:34","slug":"exposicion-y-venta-de-productos-del-comercio-justo-en-nuestra-parroquia","status":"publish","type":"post","link":"https:\/\/ndcompassion.com\/es\/exposicion-y-venta-de-productos-del-comercio-justo-en-nuestra-parroquia\/","title":{"rendered":"Exposici\u00f3n y venta de productos del Comercio Justo en nuestra Parroquia"},"content":{"rendered":"<p>[et_pb_section fb_built=\u00bb1&#8243; _builder_version=\u00bb3.29.2&#8243;][et_pb_row _builder_version=\u00bb3.29.2&#8243; column_structure=\u00bb3_5,2_5&#8243;][et_pb_column _builder_version=\u00bb3.29.2&#8243; type=\u00bb3_5&#8243;][et_pb_text _builder_version=\u00bb3.29.2&#8243; admin_label=\u00bbTexto Comercio justo\u00bb hover_enabled=\u00bb0&#8243;]<\/p>\n<p style=\"text-align: justify;\">La comunidad, inserta en el barrio de San Lorenzo (Madrid), vive comprometida e integrada en los diversos grupos y actividades, en los que nosotras reconocemos \u201ccorrientes de Compasi\u00f3n\u201d.<\/p>\n<p style=\"text-align: justify;\">Una de ellas es el Comercio Justo, movimiento que busca una mayor equidad en el comercio internacional entre el productor y el consumidor al servicio de las personas, haciendo posible el desarrollo de las poblaciones m\u00e1s desfavorecidas.<\/p>\n<p style=\"text-align: justify;\">A trav\u00e9s de la informaci\u00f3n, exposici\u00f3n y venta de los productos, como la del pasado 6 de octubre en la Parroquia, la comunidad camina junto con otros, aprendiendo con todos a mirar, pensar, vivir, orar\u2026entendiendo que la pr\u00e1ctica de la justicia, de la solidaridad y la compasi\u00f3n toma cuerpo en la forma de plantearnos, en la vida cotidiana, nuestras relaciones y nuestra forma de consumir, ante un mundo indiferente e insolidario que pide a gritos la compasi\u00f3n por el cuidado de las personas y de la tierra.<\/p>\n<p>[\/et_pb_text][\/et_pb_column][et_pb_column _builder_version=\u00bb3.29.2&#8243; type=\u00bb2_5&#8243;][et_pb_image _builder_version=\u00bb3.29.2&#8243; src=\u00bbhttps:\/\/ndcompassion.com\/wp-content\/uploads\/2019\/11\/Comercio-justo02_800.jpg\u00bb admin_label=\u00bbImegen Comercio justo 2&#8243; animation_style=\u00bbslide\u00bb hover_enabled=\u00bb0&#8243;][\/et_pb_image][\/et_pb_column][\/et_pb_row][et_pb_row _builder_version=\u00bb3.29.2&#8243;][et_pb_column _builder_version=\u00bb3.29.2&#8243; type=\u00bb4_4&#8243;][et_pb_image _builder_version=\u00bb3.29.2&#8243; src=\u00bbhttps:\/\/ndcompassion.com\/wp-content\/uploads\/2019\/11\/Comercio-justo03_800.jpg\u00bb admin_label=\u00bbImagen comercio justo 3&#8243; animation_style=\u00bbslide\u00bb hover_enabled=\u00bb0&#8243;][\/et_pb_image][\/et_pb_column][\/et_pb_row][\/et_pb_section]<\/p>\n","protected":false},"excerpt":{"rendered":"<p>La comunidad, inserta en el barrio de San Lorenzo (Madrid), vive comprometida e integrada en los diversos grupos y actividades, en los que nosotras reconocemos \u201ccorrientes de Compasi\u00f3n\u201d. Una de ellas es el Comercio Justo, movimiento que busca una mayor equidad en el comercio internacional entre el productor y el consumidor al servicio de las [&hellip;]<\/p>\n","protected":false},"author":1,"featured_media":2385,"comment_status":"closed","ping_status":"closed","sticky":false,"template":"","format":"standard","meta":{"_et_pb_use_builder":"on","_et_pb_old_content":"","_et_gb_content_width":"","footnotes":""},"categories":[13],"tags":[],"class_list":["post-2377","post","type-post","status-publish","format-standard","has-post-thumbnail","hentry","category-espana"],"_links":{"self":[{"href":"https:\/\/ndcompassion.com\/es\/wp-json\/wp\/v2\/posts\/2377","targetHints":{"allow":["GET"]}}],"collection":[{"href":"https:\/\/ndcompassion.com\/es\/wp-json\/wp\/v2\/posts"}],"about":[{"href":"https:\/\/ndcompassion.com\/es\/wp-json\/wp\/v2\/types\/post"}],"author":[{"embeddable":true,"href":"https:\/\/ndcompassion.com\/es\/wp-json\/wp\/v2\/users\/1"}],"replies":[{"embeddable":true,"href":"https:\/\/ndcompassion.com\/es\/wp-json\/wp\/v2\/comments?post=2377"}],"version-history":[{"count":2,"href":"https:\/\/ndcompassion.com\/es\/wp-json\/wp\/v2\/posts\/2377\/revisions"}],"predecessor-version":[{"id":2387,"href":"https:\/\/ndcompassion.com\/es\/wp-json\/wp\/v2\/posts\/2377\/revisions\/2387"}],"wp:featuredmedia":[{"embeddable":true,"href":"https:\/\/ndcompassion.com\/es\/wp-json\/wp\/v2\/media\/2385"}],"wp:attachment":[{"href":"https:\/\/ndcompassion.com\/es\/wp-json\/wp\/v2\/media?parent=2377"}],"wp:term":[{"taxonomy":"category","embeddable":true,"href":"https:\/\/ndcompassion.com\/es\/wp-json\/wp\/v2\/categories?post=2377"},{"taxonomy":"post_tag","embeddable":true,"href":"https:\/\/ndcompassion.com\/es\/wp-json\/wp\/v2\/tags?post=2377"}],"curies":[{"name":"wp","href":"https:\/\/api.w.org\/{rel}","templated":true}]}}