{"id":2317,"date":"2019-10-23T10:13:57","date_gmt":"2019-10-23T08:13:57","guid":{"rendered":"https:\/\/ndcompassion.com\/?p=2317"},"modified":"2019-10-23T10:22:17","modified_gmt":"2019-10-23T08:22:17","slug":"la-presencia-del-padre-mauricio-garrigou-en-el-corazon-de-los-ninos","status":"publish","type":"post","link":"https:\/\/ndcompassion.com\/es\/la-presencia-del-padre-mauricio-garrigou-en-el-corazon-de-los-ninos\/","title":{"rendered":"La presencia del padre Mauricio Garrigou en el coraz\u00f3n de los ni\u00f1os"},"content":{"rendered":"<p>[et_pb_section fb_built=\u00bb1&#8243; admin_label=\u00bbsection\u00bb _builder_version=\u00bb3.22&#8243; fb_built=\u00bb1&#8243; _i=\u00bb0&#8243; _address=\u00bb0&#8243;][et_pb_row column_structure=\u00bb3_5,2_5&#8243; _builder_version=\u00bb3.29.2&#8243; _i=\u00bb0&#8243; _address=\u00bb0.0&#8243;][et_pb_column type=\u00bb3_5&#8243; _builder_version=\u00bb3.29.2&#8243; _i=\u00bb0&#8243; _address=\u00bb0.0.0&#8243;][et_pb_text admin_label=\u00bbtexto prosalmag 1&#8243; _builder_version=\u00bb3.29.2&#8243; hover_enabled=\u00bb0&#8243; _i=\u00bb0&#8243; _address=\u00bb0.0.0.0&#8243;]<\/p>\n<p style=\"text-align: justify;\">El 27 de septiembre celebramos el aniversario de la Pascua de nuestro Padre Mauricio Garrigou que nos sigue convocando cada a\u00f1o para festejar, compartir en familia y a enriquecernos mutuamente de este testimonio de vida que sigue dando frutos de compasi\u00f3n.<\/p>\n<p style=\"text-align: justify;\">Unida a esta fiesta tambi\u00e9n hemos celebrado el Noveno aniversario de reconocimiento oficial de Prosalmag en la Regi\u00f3n San Mart\u00edn &#8211; Per\u00fa.<\/p>\n<p style=\"text-align: justify;\">Este aniversario se inici\u00f3 con un tiempo de preparaci\u00f3n durante toda la semana en Picota. Los ni\u00f1os del programa de apoyo escolar tuvieron diversas actividades, como, concursos de dibujo y poes\u00eda entorno a la vida de Mauricio.<\/p>\n<p>[\/et_pb_text][\/et_pb_column][et_pb_column type=\u00bb2_5&#8243; _builder_version=\u00bb3.29.2&#8243; _i=\u00bb1&#8243; _address=\u00bb0.0.1&#8243;][et_pb_image src=\u00bbhttps:\/\/ndcompassion.com\/wp-content\/uploads\/2019\/10\/prosalmag02_800.jpeg\u00bb admin_label=\u00bbImagen prosalmag 1&#8243; _builder_version=\u00bb3.29.2&#8243; animation_style=\u00bbslide\u00bb _i=\u00bb0&#8243; _address=\u00bb0.0.1.0&#8243;][\/et_pb_image][\/et_pb_column][\/et_pb_row][et_pb_row column_structure=\u00bb2_5,3_5&#8243; _builder_version=\u00bb3.29.2&#8243; _i=\u00bb1&#8243; _address=\u00bb0.1&#8243;][et_pb_column type=\u00bb2_5&#8243; _builder_version=\u00bb3.29.2&#8243; _i=\u00bb0&#8243; _address=\u00bb0.1.0&#8243;][et_pb_image src=\u00bbhttps:\/\/ndcompassion.com\/wp-content\/uploads\/2019\/10\/prosalmag03_800.jpeg\u00bb admin_label=\u00bbImagen prosalmag 2&#8243; _builder_version=\u00bb3.29.2&#8243; animation_style=\u00bbslide\u00bb _i=\u00bb0&#8243; _address=\u00bb0.1.0.0&#8243;][\/et_pb_image][\/et_pb_column][et_pb_column type=\u00bb3_5&#8243; _builder_version=\u00bb3.29.2&#8243; _i=\u00bb1&#8243; _address=\u00bb0.1.1&#8243;][et_pb_text admin_label=\u00bbImagen prosalmag 2&#8243; _builder_version=\u00bb3.29.2&#8243; _i=\u00bb0&#8243; _address=\u00bb0.1.1.0&#8243;]<\/p>\n<p style=\"text-align: justify;\">En la Eucarist\u00eda de acci\u00f3n de gracias participaron ni\u00f1os y mam\u00e1s y luego un compartir de danzas, bailes y din\u00e1micas que, por cierto, todos los participantes gozaron de un ambiente de mucha alegr\u00eda y fraternidad.<\/p>\n<p style=\"text-align: justify;\">De igual manera en Tarapoto \u2013 Sector Sat\u00e9lite por primera vez celebramos esta fiesta con los ni\u00f1os que se benefician del programa del Centro Cultural Compasionista donde reflexionaron de manera creativa la vida y ense\u00f1anzas del Padre Mauricio y de la Madre Juana Mar\u00eda Desclaux que son la expresi\u00f3n del amor de Dios por los peque\u00f1os y sencillos de nuestros pueblos. Agradecemos a todos los laicos que han colaborado en todo momento tanto en Tarapoto como en Picota para llevar adelante estas actividades y celebraciones. \u00a1QUE VIVA MAURICIO, MAURICIO NO MURI\u00d3! CUANDO MUERE UN CRISTIANO, NUNCA MUERE, VIVE EN DIOS\u2026\u201d<\/p>\n<p style=\"text-align: center;\"><strong>PRO.SAL.MAG<\/strong><br \/>(Promoci\u00f3n, Salud y Alternativas- Mauricio Garrigou)<\/p>\n<p>[\/et_pb_text][\/et_pb_column][\/et_pb_row][\/et_pb_section]<\/p>\n","protected":false},"excerpt":{"rendered":"<p>El 27 de septiembre celebramos el aniversario de la Pascua de nuestro Padre Mauricio Garrigou que nos sigue convocando cada a\u00f1o para festejar, compartir en familia y a enriquecernos mutuamente de este testimonio de vida que sigue dando frutos de compasi\u00f3n. Unida a esta fiesta tambi\u00e9n hemos celebrado el Noveno aniversario de reconocimiento oficial de [&hellip;]<\/p>\n","protected":false},"author":1,"featured_media":2319,"comment_status":"closed","ping_status":"closed","sticky":false,"template":"","format":"standard","meta":{"_et_pb_use_builder":"on","_et_pb_old_content":"","_et_gb_content_width":"","footnotes":""},"categories":[16,52],"tags":[],"class_list":["post-2317","post","type-post","status-publish","format-standard","has-post-thumbnail","hentry","category-peru","category-prosalmag"],"_links":{"self":[{"href":"https:\/\/ndcompassion.com\/es\/wp-json\/wp\/v2\/posts\/2317","targetHints":{"allow":["GET"]}}],"collection":[{"href":"https:\/\/ndcompassion.com\/es\/wp-json\/wp\/v2\/posts"}],"about":[{"href":"https:\/\/ndcompassion.com\/es\/wp-json\/wp\/v2\/types\/post"}],"author":[{"embeddable":true,"href":"https:\/\/ndcompassion.com\/es\/wp-json\/wp\/v2\/users\/1"}],"replies":[{"embeddable":true,"href":"https:\/\/ndcompassion.com\/es\/wp-json\/wp\/v2\/comments?post=2317"}],"version-history":[{"count":3,"href":"https:\/\/ndcompassion.com\/es\/wp-json\/wp\/v2\/posts\/2317\/revisions"}],"predecessor-version":[{"id":2332,"href":"https:\/\/ndcompassion.com\/es\/wp-json\/wp\/v2\/posts\/2317\/revisions\/2332"}],"wp:featuredmedia":[{"embeddable":true,"href":"https:\/\/ndcompassion.com\/es\/wp-json\/wp\/v2\/media\/2319"}],"wp:attachment":[{"href":"https:\/\/ndcompassion.com\/es\/wp-json\/wp\/v2\/media?parent=2317"}],"wp:term":[{"taxonomy":"category","embeddable":true,"href":"https:\/\/ndcompassion.com\/es\/wp-json\/wp\/v2\/categories?post=2317"},{"taxonomy":"post_tag","embeddable":true,"href":"https:\/\/ndcompassion.com\/es\/wp-json\/wp\/v2\/tags?post=2317"}],"curies":[{"name":"wp","href":"https:\/\/api.w.org\/{rel}","templated":true}]}}