{"id":2177,"date":"2019-09-23T10:00:27","date_gmt":"2019-09-23T08:00:27","guid":{"rendered":"https:\/\/ndcompassion.com\/?p=2177"},"modified":"2019-09-18T22:37:40","modified_gmt":"2019-09-18T20:37:40","slug":"colaborando-con-otros","status":"publish","type":"post","link":"https:\/\/ndcompassion.com\/es\/colaborando-con-otros\/","title":{"rendered":"Colaborando con otros"},"content":{"rendered":"<p>[et_pb_section fb_built=\u00bb1&#8243; _builder_version=\u00bb3.29.2&#8243;][et_pb_row _builder_version=\u00bb3.29.2&#8243;][et_pb_column _builder_version=\u00bb3.29.2&#8243; type=\u00bb4_4&#8243;][et_pb_text _builder_version=\u00bb3.29.2&#8243; admin_label=\u00bbTexto Colaborando con otros\u00bb hover_enabled=\u00bb0&#8243;]<\/p>\n<p style=\"text-align: justify;\">El mi\u00e9rcoles 22 de Mayo en los locales de San Crist\u00f3bal celebramos el encuentro de voluntarios de C\u00e1ritas<\/p>\n<p style=\"text-align: justify;\">Esta tarde agradecimos a aquellas personas que durante muchos a\u00f1os han trabajado y trabajan como voluntarios de C\u00e1ritas en nuestra Unidad Pastoral Sta. Mar\u00eda de Ol\u00e1rizu, dando gratuita y generosamente su tiempo, su esfuerzo y su buen hacer.<\/p>\n<p style=\"text-align: justify;\">Fue un encuentro lleno de emociones. Rezamos, cantamos, escuchamos experiencias vividas y recogimos sentimientos de agradecimiento. <\/p>\n<p style=\"text-align: justify;\">Pudimos percibir que es mucha la labor realizada y mucha tambi\u00e9n la que hay por delante. Pudimos sentir el gozo de experimentar que recibimos cuando damos con generosidad. \u201cDad y se os dar\u00e1\u201d nos dice Jes\u00fas. Y vimos la experiencia de responder a la llamada a ser manos, pies y coraz\u00f3n de Dios en nuestro mundo.<\/p>\n<p>[\/et_pb_text][\/et_pb_column][\/et_pb_row][\/et_pb_section]<\/p>\n","protected":false},"excerpt":{"rendered":"<p>El mi\u00e9rcoles 22 de Mayo en los locales de San Crist\u00f3bal celebramos el encuentro de voluntarios de C\u00e1ritas Esta tarde agradecimos a aquellas personas que durante muchos a\u00f1os han trabajado y trabajan como voluntarios de C\u00e1ritas en nuestra Unidad Pastoral Sta. Mar\u00eda de Ol\u00e1rizu, dando gratuita y generosamente su tiempo, su esfuerzo y su buen [&hellip;]<\/p>\n","protected":false},"author":1,"featured_media":2179,"comment_status":"closed","ping_status":"closed","sticky":false,"template":"","format":"standard","meta":{"_et_pb_use_builder":"on","_et_pb_old_content":"","_et_gb_content_width":"","footnotes":""},"categories":[13],"tags":[],"class_list":["post-2177","post","type-post","status-publish","format-standard","has-post-thumbnail","hentry","category-espana"],"_links":{"self":[{"href":"https:\/\/ndcompassion.com\/es\/wp-json\/wp\/v2\/posts\/2177","targetHints":{"allow":["GET"]}}],"collection":[{"href":"https:\/\/ndcompassion.com\/es\/wp-json\/wp\/v2\/posts"}],"about":[{"href":"https:\/\/ndcompassion.com\/es\/wp-json\/wp\/v2\/types\/post"}],"author":[{"embeddable":true,"href":"https:\/\/ndcompassion.com\/es\/wp-json\/wp\/v2\/users\/1"}],"replies":[{"embeddable":true,"href":"https:\/\/ndcompassion.com\/es\/wp-json\/wp\/v2\/comments?post=2177"}],"version-history":[{"count":2,"href":"https:\/\/ndcompassion.com\/es\/wp-json\/wp\/v2\/posts\/2177\/revisions"}],"predecessor-version":[{"id":2181,"href":"https:\/\/ndcompassion.com\/es\/wp-json\/wp\/v2\/posts\/2177\/revisions\/2181"}],"wp:featuredmedia":[{"embeddable":true,"href":"https:\/\/ndcompassion.com\/es\/wp-json\/wp\/v2\/media\/2179"}],"wp:attachment":[{"href":"https:\/\/ndcompassion.com\/es\/wp-json\/wp\/v2\/media?parent=2177"}],"wp:term":[{"taxonomy":"category","embeddable":true,"href":"https:\/\/ndcompassion.com\/es\/wp-json\/wp\/v2\/categories?post=2177"},{"taxonomy":"post_tag","embeddable":true,"href":"https:\/\/ndcompassion.com\/es\/wp-json\/wp\/v2\/tags?post=2177"}],"curies":[{"name":"wp","href":"https:\/\/api.w.org\/{rel}","templated":true}]}}