{"id":2104,"date":"2019-09-16T10:00:49","date_gmt":"2019-09-16T10:00:49","guid":{"rendered":"http:\/\/ndcompassion.com\/?p=2104"},"modified":"2019-09-17T19:51:58","modified_gmt":"2019-09-17T17:51:58","slug":"la-voz-de-la-amazonia-nos-reclama","status":"publish","type":"post","link":"https:\/\/ndcompassion.com\/es\/la-voz-de-la-amazonia-nos-reclama\/","title":{"rendered":"La voz de la Amazonia nos reclama"},"content":{"rendered":"<p>[et_pb_section fb_built=\u00bb1&#8243; admin_label=\u00bbsection\u00bb _builder_version=\u00bb3.22.3&#8243; fb_built=\u00bb1&#8243; _i=\u00bb0&#8243; _address=\u00bb0&#8243;][et_pb_row column_structure=\u00bb3_5,2_5&#8243; _builder_version=\u00bb3.25&#8243; _i=\u00bb0&#8243; _address=\u00bb0.0&#8243;][et_pb_column type=\u00bb3_5&#8243; _builder_version=\u00bb3.25&#8243; custom_padding=\u00bb|||\u00bb _i=\u00bb0&#8243; _address=\u00bb0.0.0&#8243; custom_padding__hover=\u00bb|||\u00bb][et_pb_text admin_label=\u00bbTexto la amazonia nos reclama\u00bb _builder_version=\u00bb3.29.2&#8243; hover_enabled=\u00bb0&#8243; _i=\u00bb0&#8243; _address=\u00bb0.0.0.0&#8243;]<\/p>\n<p style=\"text-align: justify;\">Las Hnas. de la Cdad. de Los Rosales, seguimos con inter\u00e9s y preocupaci\u00f3n la situaci\u00f3n de devastaci\u00f3n de la Amazon\u00eda por la intervenci\u00f3n humana irresponsable donde predomina \u201cuna cultura de descarte\u201d (L.S. 16) y una mentalidad extractivista y ahora en concreto la tragedia del fuego en la Amazon\u00eda de proporciones alarmantes, tragedia que no solo es local ni regional sino planetaria. Se est\u00e1 destruyendo el pulm\u00f3n m\u00e1s importante del planeta. <\/p>\n<p>\u00bfQu\u00e9 hacer? Esto nos desborda, pero algo podemos hacer. <\/p>\n<p>La oraci\u00f3n de s\u00faplica al Se\u00f1or de la vida, que su misericordia por la humanidad se manifieste en esta situaci\u00f3n. Nos unimos en oraci\u00f3n, personal y comunitaria, con todos los pueblos insertos en la Amazon\u00eda, v\u00edctimas de tanta devastaci\u00f3n. Pedimos tambi\u00e9n la conversi\u00f3n de las personas que buscan su propio inter\u00e9s y ganancias sin importarles el bien com\u00fan. <\/p>\n<p>En esta din\u00e1mica tambi\u00e9n estamos reflexionando, junto con los laicos, los documentos Laudato Si y S\u00ednodo de la Amazon\u00eda haciendo nuestras las inquietudes y preocupaciones expresadas en estos Documentos. <\/p>\n<p>Nos unimos \u201ca todos los hombres y mujeres de buena voluntad para que seamos custodios de la creaci\u00f3n, del designio de Dios inscrito en la naturaleza, guardianes del otro, del medio ambiente, no dejemos que los signos de destrucci\u00f3n y de muerte acompa\u00f1en el camino de este mundo nuestro\u201d. (Homil\u00eda del inicio del ministerio Petrino, Marzo 19, 2013). <\/p>\n<p>Cdad. de Los Rosales (Lima)<\/p>\n<p>[\/et_pb_text][\/et_pb_column][et_pb_column type=\u00bb2_5&#8243; _builder_version=\u00bb3.25&#8243; custom_padding=\u00bb|||\u00bb _i=\u00bb1&#8243; _address=\u00bb0.0.1&#8243; custom_padding__hover=\u00bb|||\u00bb][et_pb_image src=\u00bbhttp:\/\/ndcompassion.com\/wp-content\/uploads\/2019\/09\/voz_amazonia02_800.jpg\u00bb align_tablet=\u00bbcenter\u00bb align_last_edited=\u00bbon|desktop\u00bb admin_label=\u00bbImagen la voz de nuestra amazonia\u00bb _builder_version=\u00bb3.23&#8243; animation_style=\u00bbslide\u00bb _i=\u00bb0&#8243; _address=\u00bb0.0.1.0&#8243;][\/et_pb_image][\/et_pb_column][\/et_pb_row][\/et_pb_section]<\/p>\n","protected":false},"excerpt":{"rendered":"<p>Las Hnas. de la Cdad. de Los Rosales, seguimos con inter\u00e9s y preocupaci\u00f3n la situaci\u00f3n de devastaci\u00f3n de la Amazon\u00eda por la intervenci\u00f3n humana irresponsable donde predomina \u201cuna cultura de descarte\u201d (L.S. 16) y una mentalidad extractivista y ahora en concreto la tragedia del fuego en la Amazon\u00eda de proporciones alarmantes, tragedia que no solo [&hellip;]<\/p>\n","protected":false},"author":1,"featured_media":2109,"comment_status":"closed","ping_status":"closed","sticky":false,"template":"","format":"standard","meta":{"_et_pb_use_builder":"on","_et_pb_old_content":"","_et_gb_content_width":"","footnotes":""},"categories":[16],"tags":[],"class_list":["post-2104","post","type-post","status-publish","format-standard","has-post-thumbnail","hentry","category-peru"],"_links":{"self":[{"href":"https:\/\/ndcompassion.com\/es\/wp-json\/wp\/v2\/posts\/2104","targetHints":{"allow":["GET"]}}],"collection":[{"href":"https:\/\/ndcompassion.com\/es\/wp-json\/wp\/v2\/posts"}],"about":[{"href":"https:\/\/ndcompassion.com\/es\/wp-json\/wp\/v2\/types\/post"}],"author":[{"embeddable":true,"href":"https:\/\/ndcompassion.com\/es\/wp-json\/wp\/v2\/users\/1"}],"replies":[{"embeddable":true,"href":"https:\/\/ndcompassion.com\/es\/wp-json\/wp\/v2\/comments?post=2104"}],"version-history":[{"count":6,"href":"https:\/\/ndcompassion.com\/es\/wp-json\/wp\/v2\/posts\/2104\/revisions"}],"predecessor-version":[{"id":2142,"href":"https:\/\/ndcompassion.com\/es\/wp-json\/wp\/v2\/posts\/2104\/revisions\/2142"}],"wp:featuredmedia":[{"embeddable":true,"href":"https:\/\/ndcompassion.com\/es\/wp-json\/wp\/v2\/media\/2109"}],"wp:attachment":[{"href":"https:\/\/ndcompassion.com\/es\/wp-json\/wp\/v2\/media?parent=2104"}],"wp:term":[{"taxonomy":"category","embeddable":true,"href":"https:\/\/ndcompassion.com\/es\/wp-json\/wp\/v2\/categories?post=2104"},{"taxonomy":"post_tag","embeddable":true,"href":"https:\/\/ndcompassion.com\/es\/wp-json\/wp\/v2\/tags?post=2104"}],"curies":[{"name":"wp","href":"https:\/\/api.w.org\/{rel}","templated":true}]}}